{"id":29399,"date":"2025-08-08T16:04:31","date_gmt":"2025-08-08T12:04:31","guid":{"rendered":"https:\/\/droneandcam.com\/post\/en-batteritid-pa-180-minuter-for-insta360-x5-ett-rekord-som-slas-for-en-360-kamera\/"},"modified":"2026-02-17T07:25:36","modified_gmt":"2026-02-17T03:25:36","slug":"en-batteritid-pa-180-minuter-for-insta360-x5-ett-rekord-som-slas-for-en-360-kamera","status":"publish","type":"post","link":"https:\/\/droneandcam.com\/sv\/post\/en-batteritid-pa-180-minuter-for-insta360-x5-ett-rekord-som-slas-for-en-360-kamera\/","title":{"rendered":"En batteritid p\u00e5 180 minuter f\u00f6r Insta360 X5: ett rekord som sl\u00e5s f\u00f6r en 360\u00b0-kamera"},"content":{"rendered":"\n<p id=\"viewer-xxthq3879\">Med <a target=\"_blank\" href=\"https:\/\/www.insta360.com\/sal\/x5?utm_term=INREC7J\" rel=\"noreferrer noopener\"><u>Insta360 X5<\/u><\/a> sl\u00e5r varum\u00e4rket ett slag. Med 180 minuters batteritid p\u00e5 en enda laddning s\u00e4tter den en ny standard i v\u00e4rlden av 360\u00b0-kameror. Aldrig tidigare har en kamera i den h\u00e4r kategorin erbjudit s\u00e5dan uth\u00e5llighet. Denna registrering av autonomi \u00f6ppnar upp ett helt nytt f\u00e4lt av m\u00f6jligheter f\u00f6r inneh\u00e5llsskapare, vloggare, dokument\u00e4rfilmare eller passionerade amat\u00f6rer. Nu kan de f\u00e5nga unika \u00f6gonblick utan att beh\u00f6va \u00f6vervaka batteriniv\u00e5n. Fokusera p\u00e5 en verklig teknisk bedrift.     <\/p>\n\n<figure class=\"wp-block-image aligncenter size-full\"><img loading=\"lazy\" decoding=\"async\" width=\"740\" height=\"493\" src=\"https:\/\/droneandcam.com\/wp-content\/uploads\/2025\/08\/image-902.avif\" alt=\"180 min batteritid f&#xF6;r Insta360 X5\" class=\"wp-image-12235\" srcset=\"https:\/\/droneandcam.com\/wp-content\/uploads\/2025\/08\/image-902.avif 740w, https:\/\/droneandcam.com\/wp-content\/uploads\/2025\/08\/image-902-300x200.avif 300w\" sizes=\"auto, (max-width: 740px) 100vw, 740px\" \/><figcaption class=\"wp-element-caption\">180 min batteritid f\u00f6r <a href=\"https:\/\/droneandcam.com\/sv\/post\/insta360-one-rs-1-tums-360-kupongkod\/\">Insta360<\/a> X5<\/figcaption><\/figure>\n\n<h2 class=\"wp-block-heading\" id=\"viewer-z2l9c3883\">Spela in batteritid f\u00f6r 360\u00b0-video<\/h2>\n\n<p id=\"viewer-9dpgy3885\">J\u00e4mf\u00f6rt med sina f\u00f6reg\u00e5ngare tar X5 ett spektakul\u00e4rt steg fram\u00e5t. X3, som redan var kraftfull, hade cirka 81 minuters batteritid. X4, \u00e5 andra sidan, hade f\u00f6rb\u00e4ttrat denna po\u00e4ng genom att n\u00e5 135 minuter. Men X5 t\u00e4njer p\u00e5 alla gr\u00e4nser med <strong>180 minuters kontinuerlig inspelning<\/strong>, eller 3 timmar non-stop. Detta \u00e4r helt enkelt den b\u00e4sta batteritiden som n\u00e5gonsin erbjudits p\u00e5 en kompakt och konsument 360\u00b0-kamera. Ett betydande framsteg som befriar kreat\u00f6rer fr\u00e5n m\u00e5nga tekniska begr\u00e4nsningar.     <\/p>\n\n<div style=\"max-width: 400px;margin: 20px auto;padding: 20px;border: 1px solid #eee;border-radius: 15px;text-align: center;font-family: 'Segoe UI', Tahoma, Geneva, Verdana, sans-serif\">\n<h2 style=\"font-size: 26px;margin-bottom: 20px;color: #333\">Insta360 X5<\/h2>\n<img decoding=\"async\" src=\"https:\/\/m.media-amazon.com\/images\/I\/71YjsbkkO9L._AC_SL1500_.jpg\" alt=\"Insta360 X5\" style=\"width: 100%;height: auto;border-radius: 12px\" \/>\n<div style=\"margin-top: 25px;flex-direction: column;gap: 12px\">\n<a href=\"https:\/\/geni.us\/YiE5y\" target=\"_blank\" style=\"background-color: #FF9900;color: #fff;padding: 12px 20px;text-decoration: none;font-weight: bold;border-radius: 8px\">\n\ud83d\uded2 K\u00f6p p\u00e5 Amazon\n<\/a>\n<a href=\"https:\/\/www.insta360.com\/sal\/x5?utm_term=INREC7J\" target=\"_blank\" style=\"background-color: #000000;color: #FFFFFF;padding: 12px 20px;text-decoration: none;font-weight: bold;border-radius: 8px\">\n\ud83c\udf10 Insta360\n<\/a>\n<a href=\"https:\/\/www.lacameraembarquee.fr\/cameras-et-packs-x5-insta360-x5\/18337-camera-insta360-x5-standard-version-6977644761441.html?scaid=7yTlkc7s\" target=\"_blank\" style=\"background-color: #0066cc;color: #ffffff;padding: 12px 20px;text-decoration: none;font-weight: bold;border-radius: 8px\">\n\ud83d\udcf7 Officiell webbplats Dash Cam\n<\/a>\n<\/div>\n<\/div>\n\n\na:hover {\ntransform: scale(1.05);\n}\na[href*=&#8221;amazon&#8221;]:hover {\nbackground-color: #e68a00;\n}\na[href*=&#8221;insta360&#8243;]:hover {\nbackground-color: #222222;\n}\na[href*=&#8221;lacameraembarquee&#8221;]:hover {\nbackground-color: #0052a3;\n}\n\n\n<h2 class=\"wp-block-heading\" id=\"viewer-s9mg83889\">Perfekt f\u00f6r l\u00e4ngre fotograferingar<\/h2>\n\n<p id=\"viewer-01btb3891\">Den h\u00e4r batteritiden p\u00e5 3 timmar \u00e4r en radikal f\u00f6r\u00e4ndring f\u00f6r m\u00e5nga kreat\u00f6rsprofiler:<\/p>\n\n<ul class=\"wp-block-list\">\n<li>Nomadiska vloggare som spelar en rad planer under hela dagen utan tillg\u00e5ng till ett eluttag.<\/li>\n\n\n\n<li>\u00c4ventyrare p\u00e5 vandring, bikepacking eller kajakpaddling, d\u00e4r varje minut av batteri r\u00e4knas.<\/li>\n\n\n\n<li>Time-lapse-entusiaster som vill f\u00e5nga ett landskaps utveckling under flera timmar.<\/li>\n\n\n\n<li>Yrkesverksamma inom turism, fastigheter eller evenemang, f\u00f6r vilka l\u00e5ngsiktig tillf\u00f6rlitlighet \u00e4r avg\u00f6rande.<\/li>\n<\/ul>\n\n<p id=\"viewer-ulmz53906\">Du beh\u00f6ver inte ta med dig flera reservbatterier eller ta en paus f\u00f6r att ladda: X5 h\u00e5ller j\u00e4mna steg med \u00e4ven de l\u00e4ngsta projekten.<a href=\"https:\/\/www.insta360.com\/sal\/x5?utm_term=INREC7J\" target=\"_blank\" rel=\"noreferrer noopener\"><\/a><\/p>\n\n<p><a href=\"https:\/\/www.insta360.com\/sal\/x5?utm_term=INREC7J\" target=\"_blank\" rel=\"noreferrer noopener\">Mer information h\u00e4r!<\/a><\/p>\n\n<h2 class=\"wp-block-heading\" id=\"viewer-lvefj3908\">Optimerat batteri utan att kompromissa med prestanda<\/h2>\n\n<p id=\"viewer-xmsz53910\"><a target=\"_blank\" href=\"https:\/\/www.insta360.com\/sal\/x5?utm_term=INREC7J\" rel=\"noreferrer noopener\"><u>Insta360 X5<\/u><\/a> offrar inte kraft p\u00e5 batteritidens altare. Den har ett <strong>batteri med h\u00f6g kapacitet<\/strong>, perfekt kombinerat med en optimerad elektronisk arkitektur. \u00c4ven n\u00e4r du spelar in i 8K med 30 bilder per sekund bibeh\u00e5ller den en stabil och j\u00e4mn prestanda tack vare flera innovationer:  <\/p>\n\n<ul class=\"wp-block-list\">\n<li>Ett <strong>trippelt AI-chip<\/strong> som p\u00e5 ett intelligent s\u00e4tt delar upp uppgifter mellan bildbehandling, AI-ber\u00e4kningar och energihantering.<\/li>\n\n\n\n<li><strong>B\u00e4ttre v\u00e4rmeavledning<\/strong>, viktigt f\u00f6r att f\u00f6rhindra \u00f6verhettning under l\u00e5ngvariga sessioner.<\/li>\n\n\n\n<li><strong>PureVideo-teknik<\/strong>, som f\u00f6rb\u00e4ttrar prestanda i svagt ljus utan att t\u00f6mma f\u00f6r mycket av batteriet.<\/li>\n<\/ul>\n\n<p id=\"viewer-ta6ew3932\">Dessa tekniska framsteg g\u00f6r att kameran kan f\u00f6rbli p\u00e5litlig, lyh\u00f6rd och h\u00f6gpresterande fr\u00e5n b\u00f6rjan till slutet av inspelningen.<\/p>\n\n<h2 class=\"wp-block-heading\" id=\"viewer-vskgy3934\">Insta360 X5 j\u00e4mf\u00f6rt med andra kameror p\u00e5 marknaden<\/h2>\n\n<p id=\"viewer-6alzg3936\">F\u00f6r att s\u00e4tta denna o\u00f6vertr\u00e4ffade batteritid i perspektiv, h\u00e4r \u00e4r en j\u00e4mf\u00f6relsetabell \u00f6ver de mest popul\u00e4ra 360\u00b0-kamerorna:<\/p>\n\n<figure class=\"wp-block-table\"><table class=\"has-fixed-layout\"><tbody><tr><td>Modell<\/td><td>Maximal autonomi<\/td><td>360\u00b0 uppl\u00f6sning<\/td><td>Luftt\u00e4thet<\/td><\/tr><tr><td><a href=\"https:\/\/droneandcam.com\/sv\/post\/sd-kort-for-din-gopro-hero-12-den-kompletta-guiden\/\">GoPro<\/a> Max<\/td><td>~78 minuter<\/td><td>5,6 km-lopp<\/td><td>5 meter<\/td><\/tr><tr><td>Ricoh Theta Z1<\/td><td>~60 minuter<\/td><td>6,7 km-lopp<\/td><td>Inte vattent\u00e4t<\/td><\/tr><tr><td><a href=\"https:\/\/droneandcam.com\/sv\/post\/insta360-x3-vs-insta360-x2-duellen-mellan-360-kamerorna\/\">Insta360 X3<\/a><\/td><td>81 minuter<\/td><td>5,7 km-lopp<\/td><td>Ner till 10 meter<\/td><\/tr><tr><td>Insta360 X4<\/td><td>135 minuter<\/td><td>8 km-lopp<\/td><td>Ner till 10 meter<\/td><\/tr><tr><td><strong>Insta360 X5<\/strong><\/td><td><strong>180 minuter<\/strong><\/td><td><strong>8 km-lopp<\/strong><\/td><td><strong>15 m (IP68)<\/strong><\/td><\/tr><\/tbody><\/table><\/figure>\n\n<p id=\"viewer-45rsj4017\">Vi kan tydligt se att X5 dominerar n\u00e4r det g\u00e4ller batteritid, samtidigt som den erbjuder \u00f6kad bildkvalitet och robusthet. Det \u00e4r den enda som kombinerar <strong>8K-uppl\u00f6sning<\/strong>, <strong>extrem livsl\u00e4ngd<\/strong> och <strong>avancerad vattent\u00e4thet<\/strong> i en enda kamera. <\/p>\n\n<h2 class=\"wp-block-heading\" id=\"viewer-rrus04025\">Vad denna autonomi f\u00f6r\u00e4ndrar f\u00f6r kreat\u00f6rer<\/h2>\n\n<p id=\"viewer-tsf454027\">En kamera som kan filma i 3 timmar utan avbrott \u00e4r en revolution. H\u00e4r \u00e4r vad detta konkret f\u00f6r\u00e4ndrar i kreat\u00f6rernas dagliga liv: <\/p>\n\n<ul class=\"wp-block-list\">\n<li>Mindre stress \u00f6ver att batteriet laddas ur f\u00f6r snabbt<\/li>\n\n\n\n<li>Mer frihet i r\u00f6relse, resor, ambulerande filmning<\/li>\n\n\n\n<li>Mindre material att b\u00e4ra: s\u00e4g hejd\u00e5 till extra batterier, externa laddare, frekventa avbrott<\/li>\n\n\n\n<li>F\u00f6rm\u00e5gan att <strong>f\u00e5nga de ov\u00e4ntade<\/strong>, spontana \u00f6gonblicken och magiska \u00f6gonblicken, utan att oroa sig f\u00f6r den \u00e5terst\u00e5ende energin<\/li>\n\n\n\n<li>\u00d6kad produktivitet: vi filmar mer, vi skapar mer, vi delar mer<\/li>\n<\/ul>\n\n<p id=\"viewer-jh8x34047\">Med Insta360 X5 kan kreat\u00f6rer \u00e4ntligen <strong>helt fokusera p\u00e5 ber\u00e4ttelsen<\/strong>, snarare \u00e4n den tekniska hanteringen.<\/p>\n\n<figure class=\"wp-block-image aligncenter size-full\"><img loading=\"lazy\" decoding=\"async\" width=\"740\" height=\"987\" src=\"https:\/\/droneandcam.com\/wp-content\/uploads\/2025\/08\/image-903.avif\" alt=\"Insta360 X5\" class=\"wp-image-12244\" srcset=\"https:\/\/droneandcam.com\/wp-content\/uploads\/2025\/08\/image-903.avif 740w, https:\/\/droneandcam.com\/wp-content\/uploads\/2025\/08\/image-903-225x300.avif 225w\" sizes=\"auto, (max-width: 740px) 100vw, 740px\" \/><figcaption class=\"wp-element-caption\">Insta360 X5<\/figcaption><\/figure>\n\n<h2 class=\"wp-block-heading\" id=\"viewer-kcxwq4051\">N\u00e5gra tips f\u00f6r att f\u00e5 ut det mesta av de 180 minuterna<\/h2>\n\n<p id=\"viewer-yy0vi4053\">\u00c4ven om r\u00e4ckvidden f\u00f6r X5 \u00e4r imponerande finns det n\u00e5gra b\u00e4sta metoder f\u00f6r att f\u00e5 ut det mesta av den:<\/p>\n\n<ul class=\"wp-block-list\">\n<li><strong>Fotografera i 5,7K HDR med 30 eller 60 bilder\/s<\/strong> n\u00e4r 8K inte \u00e4r n\u00f6dv\u00e4ndigt f\u00f6r att spara energi<\/li>\n\n\n\n<li><strong>St\u00e4ng av Wi-Fi eller Bluetooth<\/strong> n\u00e4r det inte anv\u00e4nds<\/li>\n\n\n\n<li><strong>Aktivera energisparl\u00e4ge<\/strong> i systeminst\u00e4llningarna<\/li>\n\n\n\n<li><strong>H\u00e5ll kameran vid en stabil temperatur<\/strong> och undvik extrema milj\u00f6er som belastar batteriet mer<\/li>\n\n\n\n<li><strong>Anv\u00e4nd snabba SD-kort<\/strong> (UHS-I, minst V30) f\u00f6r att optimera inspelning och begr\u00e4nsa bearbetningstiderna<\/li>\n<\/ul>\n\n<p id=\"viewer-wgvf44076\">Dessa tips hj\u00e4lper till att maximera varje minut och f\u00f6rl\u00e4nga upplevelsen ytterligare.<\/p>\n\n<h2 class=\"wp-block-heading\" id=\"viewer-djhf74078\">T\u00e4nk om du kunde f\u00e5nga hela din n\u00e4sta resa p\u00e5 en enda laddning?<\/h2>\n\n<p id=\"viewer-itcyj4080\">Med sin batteritid p\u00e5 180 minuter omdefinierar <a target=\"_blank\" href=\"https:\/\/www.insta360.com\/sal\/x5?utm_term=INREC7J\" rel=\"noreferrer noopener\"><u>Insta360 X5<\/u><\/a> standarden f\u00f6r 360\u00b0-video. Det \u00e4r en p\u00e5litlig bundsf\u00f6rvant f\u00f6r kr\u00e4vande konstrukt\u00f6rer som letar efter prestanda, frihet och tillf\u00f6rlitlighet. Oavsett om du filmar en timmes vandring, en dag p\u00e5 en bilresa eller ett liveevenemang, ser den h\u00e4r kameran till att du <strong>inte missar n\u00e5got<\/strong>.  <\/p>\n\n<p id=\"viewer-oujmj4086\">S\u00e5, \u00e4r du redo att leva \u00e4ventyret fullt ut, utan att n\u00e5gonsin stanna?<\/p>\n\n<h2 class=\"wp-block-heading\" id=\"viewer-khp9613496\">\u2753 Vanliga fr\u00e5gor \u2013 Insta360 X5 batteritid: Allt du beh\u00f6ver veta<\/h2>\n\n<p id=\"viewer-zh4fj13498\"><strong>Vad \u00e4r den faktiska batteritiden f\u00f6r Insta360 X5?<\/strong>X5 kan filma upp till 180 minuter kontinuerligt, eller 3 timmars inspelning, \u00e4ven i 8K. Detta \u00e4r den b\u00e4sta batteritiden p\u00e5 marknaden f\u00f6r en 360\u00b0 konsumentkamera. <\/p>\n\n<p id=\"viewer-ynh5213501\"><strong>Hur uppn\u00e5r X5 en s\u00e5dan r\u00e4ckvidd?<\/strong>Den kombinerar ett batteri med h\u00f6g kapacitet, ett trippelt AI-chip f\u00f6r intelligent energihantering och effektiv v\u00e4rmeavledning, \u00e4ven under l\u00e5nga fotograferingssessioner.<\/p>\n\n<p id=\"viewer-i8b4813504\"><strong>Sjunker kvaliteten i slutet av batteriet?<\/strong>Nej, X5 bibeh\u00e5ller en j\u00e4mn kvalitet, \u00e4ven vid l\u00e5g belastning, tack vare optimerad bildbehandling och str\u00f6mf\u00f6rbrukning.<\/p>\n\n<p id=\"viewer-i6bs313507\"><strong>Blir X5 varm under l\u00e5nga sessioner?<\/strong>Dess design s\u00e4kerst\u00e4ller god v\u00e4rmeavledning, vilket begr\u00e4nsar \u00f6verhettning \u00e4ven vid l\u00e5ngvarig 8K-inspelning.<\/p>\n\n<p id=\"viewer-xkwli13510\"><strong>Kan du f\u00f6rl\u00e4nga batteritiden \u00e4nnu mer?<\/strong>Ja, genom att fotografera i 5,7K i st\u00e4llet f\u00f6r 8K, st\u00e4nga av Wi-Fi eller Bluetooth och aktivera energisparl\u00e4get i inst\u00e4llningarna.<\/p>\n\n<p id=\"viewer-htvuy13513\"><strong>Varf\u00f6r \u00e4r denna autonomi en gamechanger?<\/strong>Det g\u00f6r att du kan fotografera utan stress, utan reservbatterier eller avbrott. Perfekt f\u00f6r kreat\u00f6rer p\u00e5 spr\u00e5ng, l\u00e5nga tagningar eller l\u00e4ngre timelapses. <\/p>\n","protected":false},"excerpt":{"rendered":"<p>Med Insta360 X5 sl\u00e5r varum\u00e4rket ett slag. Med 180 minuters batteritid p\u00e5 en enda laddning s\u00e4tter den en ny standard i v\u00e4rlden av 360\u00b0-kameror. Aldrig tidigare har en kamera i den h\u00e4r kategorin erbjudit s\u00e5dan uth\u00e5llighet. Denna registrering av autonomi \u00f6ppnar upp ett helt nytt f\u00e4lt av m\u00f6jligheter f\u00f6r inneh\u00e5llsskapare, vloggare, dokument\u00e4rfilmare eller passionerade amat\u00f6rer. [&hellip;]<\/p>\n","protected":false},"author":1,"featured_media":12155,"comment_status":"open","ping_status":"open","sticky":false,"template":"","format":"standard","meta":{"om_disable_all_campaigns":false,"footnotes":""},"categories":[257,325,53],"tags":[],"class_list":["post-29399","post","type-post","status-publish","format-standard","has-post-thumbnail","hentry","category-insta360-tillbehor","category-insta360-x5-sv","category-okategoriserad"],"yoast_head":"<!-- This site is optimized with the Yoast SEO Premium plugin v27.5 (Yoast SEO v27.5) - https:\/\/yoast.com\/product\/yoast-seo-premium-wordpress\/ -->\n<title>En batteritid p\u00e5 180 minuter f\u00f6r Insta360 X5: ett rekord som sl\u00e5s f\u00f6r en 360\u00b0-kamera<\/title>\n<meta name=\"description\" content=\"Med 180 minuters batteritid omdefinierar Insta360 X5 standarden f\u00f6r 360\u00b0 video. L\u00e4r dig hur denna uth\u00e5llighet f\u00f6r\u00e4ndrar inneh\u00e5llsskapandet.\" \/>\n<meta name=\"robots\" content=\"index, follow, max-snippet:-1, max-image-preview:large, max-video-preview:-1\" \/>\n<link rel=\"canonical\" href=\"https:\/\/droneandcam.com\/sv\/post\/en-batteritid-pa-180-minuter-for-insta360-x5-ett-rekord-som-slas-for-en-360-kamera\/\" \/>\n<meta property=\"og:locale\" content=\"sv_SE\" \/>\n<meta property=\"og:type\" content=\"article\" \/>\n<meta property=\"og:title\" content=\"En batteritid p\u00e5 180 minuter f\u00f6r Insta360 X5: ett rekord som sl\u00e5s f\u00f6r en 360\u00b0-kamera\" \/>\n<meta property=\"og:description\" content=\"{{excerpt}} Infos utiles, conseils terrain et retour d\u2019exp\u00e9rience.\" \/>\n<meta property=\"og:url\" content=\"https:\/\/droneandcam.com\/sv\/post\/en-batteritid-pa-180-minuter-for-insta360-x5-ett-rekord-som-slas-for-en-360-kamera\/\" \/>\n<meta property=\"og:site_name\" content=\"Drone &amp; Cam\" \/>\n<meta property=\"article:published_time\" content=\"2025-08-08T12:04:31+00:00\" \/>\n<meta property=\"article:modified_time\" content=\"2026-02-17T03:25:36+00:00\" \/>\n<meta property=\"og:image\" content=\"https:\/\/droneandcam.com\/wp-content\/uploads\/2025\/08\/image-893.avif\" \/>\n\t<meta property=\"og:image:width\" content=\"740\" \/>\n\t<meta property=\"og:image:height\" content=\"339\" \/>\n\t<meta property=\"og:image:type\" content=\"image\/png\" \/>\n<meta name=\"author\" content=\"Guillaume H\" \/>\n<meta name=\"twitter:card\" content=\"summary_large_image\" \/>\n<meta name=\"twitter:label1\" content=\"Skriven av\" \/>\n\t<meta name=\"twitter:data1\" content=\"Guillaume H\" \/>\n\t<meta name=\"twitter:label2\" content=\"Ber\u00e4knad l\u00e4stid\" \/>\n\t<meta name=\"twitter:data2\" content=\"6 minuter\" \/>\n<script type=\"application\/ld+json\" class=\"yoast-schema-graph\">{\"@context\":\"https:\\\/\\\/schema.org\",\"@graph\":[{\"@type\":\"Article\",\"@id\":\"https:\\\/\\\/droneandcam.com\\\/sv\\\/post\\\/en-batteritid-pa-180-minuter-for-insta360-x5-ett-rekord-som-slas-for-en-360-kamera\\\/#article\",\"isPartOf\":{\"@id\":\"https:\\\/\\\/droneandcam.com\\\/sv\\\/post\\\/en-batteritid-pa-180-minuter-for-insta360-x5-ett-rekord-som-slas-for-en-360-kamera\\\/\"},\"author\":{\"name\":\"Guillaume H\",\"@id\":\"https:\\\/\\\/droneandcam.com\\\/sv\\\/#\\\/schema\\\/person\\\/1d7eeaaec7ae447ff752ef6419070cf8\"},\"headline\":\"En batteritid p\u00e5 180 minuter f\u00f6r Insta360 X5: ett rekord som sl\u00e5s f\u00f6r en 360\u00b0-kamera\",\"datePublished\":\"2025-08-08T12:04:31+00:00\",\"dateModified\":\"2026-02-17T03:25:36+00:00\",\"mainEntityOfPage\":{\"@id\":\"https:\\\/\\\/droneandcam.com\\\/sv\\\/post\\\/en-batteritid-pa-180-minuter-for-insta360-x5-ett-rekord-som-slas-for-en-360-kamera\\\/\"},\"wordCount\":1129,\"commentCount\":0,\"publisher\":{\"@id\":\"https:\\\/\\\/droneandcam.com\\\/sv\\\/#organization\"},\"image\":{\"@id\":\"https:\\\/\\\/droneandcam.com\\\/sv\\\/post\\\/en-batteritid-pa-180-minuter-for-insta360-x5-ett-rekord-som-slas-for-en-360-kamera\\\/#primaryimage\"},\"thumbnailUrl\":\"https:\\\/\\\/droneandcam.com\\\/wp-content\\\/uploads\\\/2025\\\/08\\\/image-893.avif\",\"articleSection\":[\"Insta360 tillbeh\u00f6r\",\"Insta360 X5\",\"Okategoriserad\"],\"inLanguage\":\"sv-SE\",\"potentialAction\":[{\"@type\":\"CommentAction\",\"name\":\"Comment\",\"target\":[\"https:\\\/\\\/droneandcam.com\\\/sv\\\/post\\\/en-batteritid-pa-180-minuter-for-insta360-x5-ett-rekord-som-slas-for-en-360-kamera\\\/#respond\"]}]},{\"@type\":\"WebPage\",\"@id\":\"https:\\\/\\\/droneandcam.com\\\/sv\\\/post\\\/en-batteritid-pa-180-minuter-for-insta360-x5-ett-rekord-som-slas-for-en-360-kamera\\\/\",\"url\":\"https:\\\/\\\/droneandcam.com\\\/sv\\\/post\\\/en-batteritid-pa-180-minuter-for-insta360-x5-ett-rekord-som-slas-for-en-360-kamera\\\/\",\"name\":\"En batteritid p\u00e5 180 minuter f\u00f6r Insta360 X5: ett rekord som sl\u00e5s f\u00f6r en 360\u00b0-kamera\",\"isPartOf\":{\"@id\":\"https:\\\/\\\/droneandcam.com\\\/sv\\\/#website\"},\"primaryImageOfPage\":{\"@id\":\"https:\\\/\\\/droneandcam.com\\\/sv\\\/post\\\/en-batteritid-pa-180-minuter-for-insta360-x5-ett-rekord-som-slas-for-en-360-kamera\\\/#primaryimage\"},\"image\":{\"@id\":\"https:\\\/\\\/droneandcam.com\\\/sv\\\/post\\\/en-batteritid-pa-180-minuter-for-insta360-x5-ett-rekord-som-slas-for-en-360-kamera\\\/#primaryimage\"},\"thumbnailUrl\":\"https:\\\/\\\/droneandcam.com\\\/wp-content\\\/uploads\\\/2025\\\/08\\\/image-893.avif\",\"datePublished\":\"2025-08-08T12:04:31+00:00\",\"dateModified\":\"2026-02-17T03:25:36+00:00\",\"description\":\"Med 180 minuters batteritid omdefinierar Insta360 X5 standarden f\u00f6r 360\u00b0 video. L\u00e4r dig hur denna uth\u00e5llighet f\u00f6r\u00e4ndrar inneh\u00e5llsskapandet.\",\"breadcrumb\":{\"@id\":\"https:\\\/\\\/droneandcam.com\\\/sv\\\/post\\\/en-batteritid-pa-180-minuter-for-insta360-x5-ett-rekord-som-slas-for-en-360-kamera\\\/#breadcrumb\"},\"inLanguage\":\"sv-SE\",\"potentialAction\":[{\"@type\":\"ReadAction\",\"target\":[\"https:\\\/\\\/droneandcam.com\\\/sv\\\/post\\\/en-batteritid-pa-180-minuter-for-insta360-x5-ett-rekord-som-slas-for-en-360-kamera\\\/\"]}]},{\"@type\":\"ImageObject\",\"inLanguage\":\"sv-SE\",\"@id\":\"https:\\\/\\\/droneandcam.com\\\/sv\\\/post\\\/en-batteritid-pa-180-minuter-for-insta360-x5-ett-rekord-som-slas-for-en-360-kamera\\\/#primaryimage\",\"url\":\"https:\\\/\\\/droneandcam.com\\\/wp-content\\\/uploads\\\/2025\\\/08\\\/image-893.avif\",\"contentUrl\":\"https:\\\/\\\/droneandcam.com\\\/wp-content\\\/uploads\\\/2025\\\/08\\\/image-893.avif\",\"width\":740,\"height\":339,\"caption\":\"Insta360 X5\"},{\"@type\":\"BreadcrumbList\",\"@id\":\"https:\\\/\\\/droneandcam.com\\\/sv\\\/post\\\/en-batteritid-pa-180-minuter-for-insta360-x5-ett-rekord-som-slas-for-en-360-kamera\\\/#breadcrumb\",\"itemListElement\":[{\"@type\":\"ListItem\",\"position\":1,\"name\":\"Accueil\",\"item\":\"https:\\\/\\\/droneandcam.com\\\/sv\\\/\"},{\"@type\":\"ListItem\",\"position\":2,\"name\":\"En batteritid p\u00e5 180 minuter f\u00f6r Insta360 X5: ett rekord som sl\u00e5s f\u00f6r en 360\u00b0-kamera\"}]},{\"@type\":\"WebSite\",\"@id\":\"https:\\\/\\\/droneandcam.com\\\/sv\\\/#website\",\"url\":\"https:\\\/\\\/droneandcam.com\\\/sv\\\/\",\"name\":\"Drone & Cam\",\"description\":\"Shoot. Fly. Repeat.\",\"publisher\":{\"@id\":\"https:\\\/\\\/droneandcam.com\\\/sv\\\/#organization\"},\"potentialAction\":[{\"@type\":\"SearchAction\",\"target\":{\"@type\":\"EntryPoint\",\"urlTemplate\":\"https:\\\/\\\/droneandcam.com\\\/sv\\\/?s={search_term_string}\"},\"query-input\":{\"@type\":\"PropertyValueSpecification\",\"valueRequired\":true,\"valueName\":\"search_term_string\"}}],\"inLanguage\":\"sv-SE\"},{\"@type\":\"Organization\",\"@id\":\"https:\\\/\\\/droneandcam.com\\\/sv\\\/#organization\",\"name\":\"Drone & Cam\",\"url\":\"https:\\\/\\\/droneandcam.com\\\/sv\\\/\",\"logo\":{\"@type\":\"ImageObject\",\"inLanguage\":\"sv-SE\",\"@id\":\"https:\\\/\\\/droneandcam.com\\\/sv\\\/#\\\/schema\\\/logo\\\/image\\\/\",\"url\":\"https:\\\/\\\/droneandcam.com\\\/wp-content\\\/uploads\\\/2026\\\/02\\\/cropped-ChatGPT_Image_7_aout_2025_a_12_02_31-removebg-preview-150x150-2.avif\",\"contentUrl\":\"https:\\\/\\\/droneandcam.com\\\/wp-content\\\/uploads\\\/2026\\\/02\\\/cropped-ChatGPT_Image_7_aout_2025_a_12_02_31-removebg-preview-150x150-2.avif\",\"width\":150,\"height\":150,\"caption\":\"Drone & Cam\"},\"image\":{\"@id\":\"https:\\\/\\\/droneandcam.com\\\/sv\\\/#\\\/schema\\\/logo\\\/image\\\/\"}},{\"@type\":\"Person\",\"@id\":\"https:\\\/\\\/droneandcam.com\\\/sv\\\/#\\\/schema\\\/person\\\/1d7eeaaec7ae447ff752ef6419070cf8\",\"name\":\"Guillaume H\",\"image\":{\"@type\":\"ImageObject\",\"inLanguage\":\"sv-SE\",\"@id\":\"https:\\\/\\\/droneandcam.com\\\/wp-content\\\/litespeed\\\/avatar\\\/aca862fd3874227a72051e8c181b94f9.jpg?ver=1777031529\",\"url\":\"https:\\\/\\\/droneandcam.com\\\/wp-content\\\/litespeed\\\/avatar\\\/aca862fd3874227a72051e8c181b94f9.jpg?ver=1777031529\",\"contentUrl\":\"https:\\\/\\\/droneandcam.com\\\/wp-content\\\/litespeed\\\/avatar\\\/aca862fd3874227a72051e8c181b94f9.jpg?ver=1777031529\",\"caption\":\"Guillaume H\"},\"description\":\"Entrepreneur du web et cr\u00e9ateur de contenu passionn\u00e9 par le voyage, la photo et la vid\u00e9o. Partage conseils, tests et bons plans pour aider \u00e0 vivre pleinement ses passions.\",\"sameAs\":[\"http:\\\/\\\/droneandcam.com\"],\"url\":\"https:\\\/\\\/droneandcam.com\\\/sv\\\/post\\\/author\\\/guillaumehelion10gmail-com\\\/\"}]}<\/script>\n<!-- \/ Yoast SEO Premium plugin. -->","yoast_head_json":{"title":"En batteritid p\u00e5 180 minuter f\u00f6r Insta360 X5: ett rekord som sl\u00e5s f\u00f6r en 360\u00b0-kamera","description":"Med 180 minuters batteritid omdefinierar Insta360 X5 standarden f\u00f6r 360\u00b0 video. L\u00e4r dig hur denna uth\u00e5llighet f\u00f6r\u00e4ndrar inneh\u00e5llsskapandet.","robots":{"index":"index","follow":"follow","max-snippet":"max-snippet:-1","max-image-preview":"max-image-preview:large","max-video-preview":"max-video-preview:-1"},"canonical":"https:\/\/droneandcam.com\/sv\/post\/en-batteritid-pa-180-minuter-for-insta360-x5-ett-rekord-som-slas-for-en-360-kamera\/","og_locale":"sv_SE","og_type":"article","og_title":"En batteritid p\u00e5 180 minuter f\u00f6r Insta360 X5: ett rekord som sl\u00e5s f\u00f6r en 360\u00b0-kamera","og_description":"{{excerpt}} Infos utiles, conseils terrain et retour d\u2019exp\u00e9rience.","og_url":"https:\/\/droneandcam.com\/sv\/post\/en-batteritid-pa-180-minuter-for-insta360-x5-ett-rekord-som-slas-for-en-360-kamera\/","og_site_name":"Drone &amp; Cam","article_published_time":"2025-08-08T12:04:31+00:00","article_modified_time":"2026-02-17T03:25:36+00:00","og_image":[{"width":740,"height":339,"url":"https:\/\/droneandcam.com\/wp-content\/uploads\/2025\/08\/image-893.avif","type":"image\/png"}],"author":"Guillaume H","twitter_card":"summary_large_image","twitter_misc":{"Skriven av":"Guillaume H","Ber\u00e4knad l\u00e4stid":"6 minuter"},"schema":{"@context":"https:\/\/schema.org","@graph":[{"@type":"Article","@id":"https:\/\/droneandcam.com\/sv\/post\/en-batteritid-pa-180-minuter-for-insta360-x5-ett-rekord-som-slas-for-en-360-kamera\/#article","isPartOf":{"@id":"https:\/\/droneandcam.com\/sv\/post\/en-batteritid-pa-180-minuter-for-insta360-x5-ett-rekord-som-slas-for-en-360-kamera\/"},"author":{"name":"Guillaume H","@id":"https:\/\/droneandcam.com\/sv\/#\/schema\/person\/1d7eeaaec7ae447ff752ef6419070cf8"},"headline":"En batteritid p\u00e5 180 minuter f\u00f6r Insta360 X5: ett rekord som sl\u00e5s f\u00f6r en 360\u00b0-kamera","datePublished":"2025-08-08T12:04:31+00:00","dateModified":"2026-02-17T03:25:36+00:00","mainEntityOfPage":{"@id":"https:\/\/droneandcam.com\/sv\/post\/en-batteritid-pa-180-minuter-for-insta360-x5-ett-rekord-som-slas-for-en-360-kamera\/"},"wordCount":1129,"commentCount":0,"publisher":{"@id":"https:\/\/droneandcam.com\/sv\/#organization"},"image":{"@id":"https:\/\/droneandcam.com\/sv\/post\/en-batteritid-pa-180-minuter-for-insta360-x5-ett-rekord-som-slas-for-en-360-kamera\/#primaryimage"},"thumbnailUrl":"https:\/\/droneandcam.com\/wp-content\/uploads\/2025\/08\/image-893.avif","articleSection":["Insta360 tillbeh\u00f6r","Insta360 X5","Okategoriserad"],"inLanguage":"sv-SE","potentialAction":[{"@type":"CommentAction","name":"Comment","target":["https:\/\/droneandcam.com\/sv\/post\/en-batteritid-pa-180-minuter-for-insta360-x5-ett-rekord-som-slas-for-en-360-kamera\/#respond"]}]},{"@type":"WebPage","@id":"https:\/\/droneandcam.com\/sv\/post\/en-batteritid-pa-180-minuter-for-insta360-x5-ett-rekord-som-slas-for-en-360-kamera\/","url":"https:\/\/droneandcam.com\/sv\/post\/en-batteritid-pa-180-minuter-for-insta360-x5-ett-rekord-som-slas-for-en-360-kamera\/","name":"En batteritid p\u00e5 180 minuter f\u00f6r Insta360 X5: ett rekord som sl\u00e5s f\u00f6r en 360\u00b0-kamera","isPartOf":{"@id":"https:\/\/droneandcam.com\/sv\/#website"},"primaryImageOfPage":{"@id":"https:\/\/droneandcam.com\/sv\/post\/en-batteritid-pa-180-minuter-for-insta360-x5-ett-rekord-som-slas-for-en-360-kamera\/#primaryimage"},"image":{"@id":"https:\/\/droneandcam.com\/sv\/post\/en-batteritid-pa-180-minuter-for-insta360-x5-ett-rekord-som-slas-for-en-360-kamera\/#primaryimage"},"thumbnailUrl":"https:\/\/droneandcam.com\/wp-content\/uploads\/2025\/08\/image-893.avif","datePublished":"2025-08-08T12:04:31+00:00","dateModified":"2026-02-17T03:25:36+00:00","description":"Med 180 minuters batteritid omdefinierar Insta360 X5 standarden f\u00f6r 360\u00b0 video. L\u00e4r dig hur denna uth\u00e5llighet f\u00f6r\u00e4ndrar inneh\u00e5llsskapandet.","breadcrumb":{"@id":"https:\/\/droneandcam.com\/sv\/post\/en-batteritid-pa-180-minuter-for-insta360-x5-ett-rekord-som-slas-for-en-360-kamera\/#breadcrumb"},"inLanguage":"sv-SE","potentialAction":[{"@type":"ReadAction","target":["https:\/\/droneandcam.com\/sv\/post\/en-batteritid-pa-180-minuter-for-insta360-x5-ett-rekord-som-slas-for-en-360-kamera\/"]}]},{"@type":"ImageObject","inLanguage":"sv-SE","@id":"https:\/\/droneandcam.com\/sv\/post\/en-batteritid-pa-180-minuter-for-insta360-x5-ett-rekord-som-slas-for-en-360-kamera\/#primaryimage","url":"https:\/\/droneandcam.com\/wp-content\/uploads\/2025\/08\/image-893.avif","contentUrl":"https:\/\/droneandcam.com\/wp-content\/uploads\/2025\/08\/image-893.avif","width":740,"height":339,"caption":"Insta360 X5"},{"@type":"BreadcrumbList","@id":"https:\/\/droneandcam.com\/sv\/post\/en-batteritid-pa-180-minuter-for-insta360-x5-ett-rekord-som-slas-for-en-360-kamera\/#breadcrumb","itemListElement":[{"@type":"ListItem","position":1,"name":"Accueil","item":"https:\/\/droneandcam.com\/sv\/"},{"@type":"ListItem","position":2,"name":"En batteritid p\u00e5 180 minuter f\u00f6r Insta360 X5: ett rekord som sl\u00e5s f\u00f6r en 360\u00b0-kamera"}]},{"@type":"WebSite","@id":"https:\/\/droneandcam.com\/sv\/#website","url":"https:\/\/droneandcam.com\/sv\/","name":"Drone & Cam","description":"Shoot. Fly. Repeat.","publisher":{"@id":"https:\/\/droneandcam.com\/sv\/#organization"},"potentialAction":[{"@type":"SearchAction","target":{"@type":"EntryPoint","urlTemplate":"https:\/\/droneandcam.com\/sv\/?s={search_term_string}"},"query-input":{"@type":"PropertyValueSpecification","valueRequired":true,"valueName":"search_term_string"}}],"inLanguage":"sv-SE"},{"@type":"Organization","@id":"https:\/\/droneandcam.com\/sv\/#organization","name":"Drone & Cam","url":"https:\/\/droneandcam.com\/sv\/","logo":{"@type":"ImageObject","inLanguage":"sv-SE","@id":"https:\/\/droneandcam.com\/sv\/#\/schema\/logo\/image\/","url":"https:\/\/droneandcam.com\/wp-content\/uploads\/2026\/02\/cropped-ChatGPT_Image_7_aout_2025_a_12_02_31-removebg-preview-150x150-2.avif","contentUrl":"https:\/\/droneandcam.com\/wp-content\/uploads\/2026\/02\/cropped-ChatGPT_Image_7_aout_2025_a_12_02_31-removebg-preview-150x150-2.avif","width":150,"height":150,"caption":"Drone & Cam"},"image":{"@id":"https:\/\/droneandcam.com\/sv\/#\/schema\/logo\/image\/"}},{"@type":"Person","@id":"https:\/\/droneandcam.com\/sv\/#\/schema\/person\/1d7eeaaec7ae447ff752ef6419070cf8","name":"Guillaume H","image":{"@type":"ImageObject","inLanguage":"sv-SE","@id":"https:\/\/droneandcam.com\/wp-content\/litespeed\/avatar\/aca862fd3874227a72051e8c181b94f9.jpg?ver=1777031529","url":"https:\/\/droneandcam.com\/wp-content\/litespeed\/avatar\/aca862fd3874227a72051e8c181b94f9.jpg?ver=1777031529","contentUrl":"https:\/\/droneandcam.com\/wp-content\/litespeed\/avatar\/aca862fd3874227a72051e8c181b94f9.jpg?ver=1777031529","caption":"Guillaume H"},"description":"Entrepreneur du web et cr\u00e9ateur de contenu passionn\u00e9 par le voyage, la photo et la vid\u00e9o. Partage conseils, tests et bons plans pour aider \u00e0 vivre pleinement ses passions.","sameAs":["http:\/\/droneandcam.com"],"url":"https:\/\/droneandcam.com\/sv\/post\/author\/guillaumehelion10gmail-com\/"}]}},"_links":{"self":[{"href":"https:\/\/droneandcam.com\/sv\/wp-json\/wp\/v2\/posts\/29399","targetHints":{"allow":["GET"]}}],"collection":[{"href":"https:\/\/droneandcam.com\/sv\/wp-json\/wp\/v2\/posts"}],"about":[{"href":"https:\/\/droneandcam.com\/sv\/wp-json\/wp\/v2\/types\/post"}],"author":[{"embeddable":true,"href":"https:\/\/droneandcam.com\/sv\/wp-json\/wp\/v2\/users\/1"}],"replies":[{"embeddable":true,"href":"https:\/\/droneandcam.com\/sv\/wp-json\/wp\/v2\/comments?post=29399"}],"version-history":[{"count":2,"href":"https:\/\/droneandcam.com\/sv\/wp-json\/wp\/v2\/posts\/29399\/revisions"}],"predecessor-version":[{"id":41917,"href":"https:\/\/droneandcam.com\/sv\/wp-json\/wp\/v2\/posts\/29399\/revisions\/41917"}],"wp:featuredmedia":[{"embeddable":true,"href":"https:\/\/droneandcam.com\/sv\/wp-json\/wp\/v2\/media\/12155"}],"wp:attachment":[{"href":"https:\/\/droneandcam.com\/sv\/wp-json\/wp\/v2\/media?parent=29399"}],"wp:term":[{"taxonomy":"category","embeddable":true,"href":"https:\/\/droneandcam.com\/sv\/wp-json\/wp\/v2\/categories?post=29399"},{"taxonomy":"post_tag","embeddable":true,"href":"https:\/\/droneandcam.com\/sv\/wp-json\/wp\/v2\/tags?post=29399"}],"curies":[{"name":"wp","href":"https:\/\/api.w.org\/{rel}","templated":true}]}}