{"id":28965,"date":"2025-08-08T16:04:33","date_gmt":"2025-08-08T12:04:33","guid":{"rendered":"https:\/\/droneandcam.com\/post\/insta360-x5-valj-inte-dina-vinklar-fanga-dem-alla\/"},"modified":"2025-09-16T16:41:50","modified_gmt":"2025-09-16T12:41:50","slug":"insta360-x5-valj-inte-dina-vinklar-fanga-dem-alla","status":"publish","type":"post","link":"https:\/\/droneandcam.com\/sv\/post\/insta360-x5-valj-inte-dina-vinklar-fanga-dem-alla\/","title":{"rendered":"insta360 x5: v\u00e4lj inte dina vinklar, f\u00e5nga dem alla!"},"content":{"rendered":"\n<p id=\"viewer-fzlys15212\">Hej v\u00e4rlden!<\/p>\n\n<p id=\"viewer-777na15215\">K\u00e4nner du till den h\u00e4r frustrationen? Du \u00e4r mitt uppe i n\u00e5got fantastiskt actionfyllt \u2013 en mountainbiketur, ett dopp i en b\u00e4ck eller bara ett minnesv\u00e4rt skratt med v\u00e4nner \u2013 och n\u00e4r du tittar p\u00e5 dina bilder inser du att du har filmat fel. Det v\u00e4sentliga \u00e4r utanf\u00f6r sk\u00e4rmen. Irriterande, eller hur?   <\/p>\n\n<p id=\"viewer-jydb315218\">F\u00f6rest\u00e4ll dig f\u00f6r ett \u00f6gonblick att detta problem inte l\u00e4ngre existerar. F\u00f6rest\u00e4ll dig en kamera som f\u00e5ngar precis ALLT som h\u00e4nder runt omkring dig, p\u00e5 en g\u00e5ng. En kamera som ger dig friheten att leva i nuet utan att beh\u00f6va oroa dig f\u00f6r att &#8221;sikta bra&#8221;.  <\/p>\n\n<p id=\"viewer-qvop715221\">Denna lilla p\u00e4rla av teknik \u00e4r l\u00f6ftet om den nya <a href=\"https:\/\/droneandcam.com\/sv\/post\/insta360-one-rs-1-tums-360-kupongkod\/\">Insta360<\/a> X5. Och tro mig, han \u00e4r en riktig gamechanger. <\/p>\n\n<figure class=\"wp-block-image aligncenter size-full\"><img loading=\"lazy\" decoding=\"async\" width=\"740\" height=\"416\" src=\"https:\/\/droneandcam.com\/wp-content\/uploads\/2025\/08\/image-876.avif\" alt=\"Insta360 X5 Skjut f&#xF6;rsta bilden sedan\" class=\"wp-image-11651\" srcset=\"https:\/\/droneandcam.com\/wp-content\/uploads\/2025\/08\/image-876.avif 740w, https:\/\/droneandcam.com\/wp-content\/uploads\/2025\/08\/image-876-300x169.avif 300w\" sizes=\"auto, (max-width: 740px) 100vw, 740px\" \/><figcaption class=\"wp-element-caption\"><a href=\"https:\/\/droneandcam.com\/sv\/post\/dji-osmo-360-vs-insta360-x5-den-ultimata-360-kameramatchen\/\">Insta360 X5<\/a> Skjut f\u00f6rsta bilden sedan<\/figcaption><\/figure>\n\n<h2 class=\"wp-block-heading\" id=\"viewer-845qc15224\">Principen: filma f\u00f6rst, rama sedan<\/h2>\n\n<p id=\"viewer-abcvy15227\">S\u00e5, hur fungerar den h\u00e4r trollkarlsgrejen? Det \u00e4r faktiskt ganska enkelt och helt fantastiskt. Insta360 X5 \u00e4r, precis som sina f\u00f6reg\u00e5ngare, en 360\u00b0-kamera. Den \u00e4r utrustad med tv\u00e5 ultravidvinkelobjektiv, en p\u00e5 varje sida, som samtidigt filmar en hel sf\u00e4r runt den.   <\/p>\n\n<p id=\"viewer-hcf9g15230\">Resultatet? Du spelar inte in en enkel video, utan en 360-graders digital duk. Och det \u00e4r d\u00e4r magin h\u00e4nder. N\u00e4r din video \u00e4r i l\u00e5dan \u00f6ppnar du Insta360-appen och blir regiss\u00f6r f\u00f6r din egen film.   <\/p>\n\n<p id=\"viewer-rlqo715233\">Du kan v\u00e4lja bildvinkel, zooma in p\u00e5 en detalj, panorera mjukt f\u00f6r att f\u00f6lja ett motiv och sedan v\u00e4xla till din egen reaktion &#8230; allt fr\u00e5n en enda videofil. Ingen mer stress \u00f6ver perfekt inramning. Du filmar allt och best\u00e4mmer senare vad du vill visa.  <\/p>\n\n<h2 class=\"wp-block-heading\" id=\"viewer-uioj115236\">&#8221;Wow&#8221;-effekten av den osynliga selfiepinnen<\/h2>\n\n<p id=\"viewer-kk16415239\">Om du n\u00e5gonsin har sett Insta360-videor har du s\u00e4kert lagt m\u00e4rke till dessa otroliga bilder som verkar ha filmats av en dr\u00f6nare som f\u00f6ljer dig, eller av en osynlig kameraman. Detta \u00e4r en av m\u00e4rkets mest imponerande tillg\u00e5ngar: den osynliga selfiepinnen. <\/p>\n\n<p id=\"viewer-u1jea15242\">Tack vare det s\u00e4tt p\u00e5 vilket kameran syr ihop bilderna fr\u00e5n <a href=\"https:\/\/droneandcam.com\/sv\/post\/de-basta-sd-och-cfexpress-korten-for-sony-%ce%b19-iii\/\">de<\/a> tv\u00e5 linserna hamnar bommen i en &#8221;blind fl\u00e4ck&#8221; och raderas automatiskt fr\u00e5n den slutliga videon. Resultatet \u00e4r sl\u00e5ende. Du h\u00e5ller kameran i \u00e4nden av en bom, men p\u00e5 bilden ser det ut som om den sv\u00e4var i luften. Det \u00e4r perfekt f\u00f6r vloggning, actionsporter eller bara f\u00f6r att f\u00e5 unika perspektiv utan att komplicera ditt liv.   <\/p>\n\n<div style=\"max-width: 400px; margin: 20px auto; padding: 20px; border: 1px solid #eee; border-radius: 15px; box-shadow: 0 4px 12px rgba(0,0,0,0.1); text-align: center; font-family: 'Segoe UI', Tahoma, Geneva, Verdana, sans-serif;\">\n<h2 style=\"font-size: 26px; margin-bottom: 20px; color: #333;\">Insta360 X5<\/h2>\n<img decoding=\"async\" src=\"https:\/\/m.media-amazon.com\/images\/I\/71YjsbkkO9L._AC_SL1500_.jpg\" alt=\"Insta360 X5\" style=\"width: 100%; height: auto; border-radius: 12px;\"\/>\n<div style=\"margin-top: 25px; display: flex; flex-direction: column; gap: 12px;\">\n<a href=\"https:\/\/geni.us\/YiE5y\" target=\"_blank\" style=\"background-color: #FF9900; color: #fff; padding: 12px 20px; text-decoration: none; font-weight: bold; border-radius: 8px; transition: background-color 0.3s, transform 0.3s;\">\n\ud83d\uded2 K\u00f6p p\u00e5 Amazon\n<\/a>\n<a href=\"https:\/\/www.insta360.com\/sal\/x5?utm_term=INREC7J\" target=\"_blank\" style=\"background-color: #000000; color: #FFFFFF; padding: 12px 20px; text-decoration: none; font-weight: bold; border-radius: 8px; transition: background-color 0.3s, transform 0.3s;\">\n\ud83c\udf10 Insta360\n<\/a>\n<a href=\"https:\/\/www.lacameraembarquee.fr\/cameras-et-packs-x5-insta360-x5\/18337-camera-insta360-x5-standard-version-6977644761441.html?scaid=7yTlkc7s\" target=\"_blank\" style=\"background-color: #0066cc; color: #ffffff; padding: 12px 20px; text-decoration: none; font-weight: bold; border-radius: 8px; transition: background-color 0.3s, transform 0.3s;\">\n\ud83d\udcf7 Officiell webbplats Dash Cam\n<\/a>\n<\/div>\n<\/div>\n\n<style>\na:hover {\ntransform: scale(1.05);\n}\na[href*=\"amazon\"]:hover {\nbackground-color: #e68a00;\n}\na[href*=\"insta360\"]:hover {\nbackground-color: #222222;\n}\na[href*=\"lacameraembarquee\"]:hover {\nbackground-color: #0052a3;\n}\n<\/style>\n\n<h2 class=\"wp-block-heading\" id=\"viewer-zg83615245\">Vem \u00e4r det till, egentligen?<\/h2>\n\n<p id=\"viewer-v9ss815248\">\u00c4rligt talat, det \u00e4r f\u00f6r alla.<\/p>\n\n<ul class=\"wp-block-list\">\n<li>Resen\u00e4rer och vloggare: F\u00e5nga landskapets vidder samtidigt som du filmar din reaktion, utan att beh\u00f6va v\u00e4lja.<\/li>\n\n\n\n<li>Idrottare (skid\u00e5kning, surfing, mountainbike, motorcykelcykling&#8230;): F\u00f6r dynamiska betraktningsvinklar och &#8221;tredjepersons&#8221;-effekter som en g\u00e5ng var reserverade f\u00f6r professionella produktioner.<\/li>\n\n\n\n<li>Inneh\u00e5llsskapare: Effekter som &#8221;Tiny Planet&#8221; eller hyperlapses blir en barnlek och ger en unik stil till dina ber\u00e4ttelser och rullar.<\/li>\n\n\n\n<li>Familjer och grupper av v\u00e4nner: Inga fler m\u00e4nniskor som m\u00e5ste offra sig f\u00f6r att ta gruppfotot. Med X5 \u00e4r alla med i bilden, och du kan till och med \u00e5teruppleva scenen i VR f\u00f6r total f\u00f6rdjupning. <\/li>\n<\/ul>\n\n<h2 class=\"wp-block-heading\" id=\"viewer-i6int15260\">Mer \u00e4n en kamera, en ny filosofi<\/h2>\n\n<p id=\"viewer-1ucr615263\">Det som \u00e4r bra med Insta360 X5 \u00e4r inte bara tekniken. Det \u00e4r f\u00f6r\u00e4ndringen i mentalitet som det medf\u00f6r. Vi slutar att titta p\u00e5 v\u00e4rlden genom en liten rektangel. Du fokuserar p\u00e5 upplevelsen, du njuter av \u00f6gonblicket och vet att kameran tar hand om allt.   <\/p>\n\n<p id=\"viewer-mj9zj15266\">Kreativiteten har inga gr\u00e4nser. Du \u00e4r inte l\u00e4ngre bara personen som filmar, du \u00e4r mitt i h\u00e4ndelsernas centrum. <\/p>\n\n<p id=\"viewer-28khx15269\">S\u00e5 om du \u00e4r tr\u00f6tt p\u00e5 att g\u00e5 miste om v\u00e4rdefulla \u00f6gonblick och vill ge dina minnen en ny dimension kan jag bara r\u00e5da dig att ta en titt p\u00e5 detta lilla underverk. Framtiden f\u00f6r hemvideo kan vara mycket sf\u00e4risk. <\/p>\n","protected":false},"excerpt":{"rendered":"<p>Hej v\u00e4rlden! K\u00e4nner du till den h\u00e4r frustrationen? Du \u00e4r mitt uppe i n\u00e5got fantastiskt actionfyllt \u2013 en mountainbiketur, ett dopp i en b\u00e4ck eller bara ett minnesv\u00e4rt skratt med v\u00e4nner \u2013 och n\u00e4r du tittar p\u00e5 dina bilder inser du att du har filmat fel. Det v\u00e4sentliga \u00e4r utanf\u00f6r sk\u00e4rmen. Irriterande, eller hur? F\u00f6rest\u00e4ll [&hellip;]<\/p>\n","protected":false},"author":1,"featured_media":8868,"comment_status":"open","ping_status":"open","sticky":false,"template":"","format":"standard","meta":{"om_disable_all_campaigns":false,"footnotes":""},"categories":[325,53],"tags":[],"class_list":["post-28965","post","type-post","status-publish","format-standard","has-post-thumbnail","hentry","category-insta360-x5-sv","category-okategoriserad"],"yoast_head":"<!-- This site is optimized with the Yoast SEO Premium plugin v27.5 (Yoast SEO v27.5) - https:\/\/yoast.com\/product\/yoast-seo-premium-wordpress\/ -->\n<title>insta360 x5: v\u00e4lj inte dina vinklar, f\u00e5nga dem alla!<\/title>\n<meta name=\"description\" content=\"Se hur Insta360 X5 revolutionerar hur m\u00e4nniskor fotograferar med sin 360\u00b0-teknik. Filma f\u00f6rst, rama sen!\" \/>\n<meta name=\"robots\" content=\"index, follow, max-snippet:-1, max-image-preview:large, max-video-preview:-1\" \/>\n<link rel=\"canonical\" href=\"https:\/\/droneandcam.com\/sv\/post\/insta360-x5-valj-inte-dina-vinklar-fanga-dem-alla\/\" \/>\n<meta property=\"og:locale\" content=\"sv_SE\" \/>\n<meta property=\"og:type\" content=\"article\" \/>\n<meta property=\"og:title\" content=\"insta360 x5: v\u00e4lj inte dina vinklar, f\u00e5nga dem alla!\" \/>\n<meta property=\"og:description\" content=\"{{excerpt}} Infos utiles, conseils terrain et retour d\u2019exp\u00e9rience.\" \/>\n<meta property=\"og:url\" content=\"https:\/\/droneandcam.com\/sv\/post\/insta360-x5-valj-inte-dina-vinklar-fanga-dem-alla\/\" \/>\n<meta property=\"og:site_name\" content=\"Drone &amp; Cam\" \/>\n<meta property=\"article:published_time\" content=\"2025-08-08T12:04:33+00:00\" \/>\n<meta property=\"article:modified_time\" content=\"2025-09-16T12:41:50+00:00\" \/>\n<meta property=\"og:image\" content=\"https:\/\/droneandcam.com\/wp-content\/uploads\/2025\/08\/image-719.avif\" \/>\n\t<meta property=\"og:image:width\" content=\"740\" \/>\n\t<meta property=\"og:image:height\" content=\"416\" \/>\n\t<meta property=\"og:image:type\" content=\"image\/webp\" \/>\n<meta name=\"author\" content=\"Guillaume H\" \/>\n<meta name=\"twitter:card\" content=\"summary_large_image\" \/>\n<meta name=\"twitter:label1\" content=\"Skriven av\" \/>\n\t<meta name=\"twitter:data1\" content=\"Guillaume H\" \/>\n\t<meta name=\"twitter:label2\" content=\"Ber\u00e4knad l\u00e4stid\" \/>\n\t<meta name=\"twitter:data2\" content=\"3 minuter\" \/>\n<script type=\"application\/ld+json\" class=\"yoast-schema-graph\">{\"@context\":\"https:\\\/\\\/schema.org\",\"@graph\":[{\"@type\":\"Article\",\"@id\":\"https:\\\/\\\/droneandcam.com\\\/sv\\\/post\\\/insta360-x5-valj-inte-dina-vinklar-fanga-dem-alla\\\/#article\",\"isPartOf\":{\"@id\":\"https:\\\/\\\/droneandcam.com\\\/sv\\\/post\\\/insta360-x5-valj-inte-dina-vinklar-fanga-dem-alla\\\/\"},\"author\":{\"name\":\"Guillaume H\",\"@id\":\"https:\\\/\\\/droneandcam.com\\\/sv\\\/#\\\/schema\\\/person\\\/1d7eeaaec7ae447ff752ef6419070cf8\"},\"headline\":\"insta360 x5: v\u00e4lj inte dina vinklar, f\u00e5nga dem alla!\",\"datePublished\":\"2025-08-08T12:04:33+00:00\",\"dateModified\":\"2025-09-16T12:41:50+00:00\",\"mainEntityOfPage\":{\"@id\":\"https:\\\/\\\/droneandcam.com\\\/sv\\\/post\\\/insta360-x5-valj-inte-dina-vinklar-fanga-dem-alla\\\/\"},\"wordCount\":687,\"commentCount\":0,\"publisher\":{\"@id\":\"https:\\\/\\\/droneandcam.com\\\/sv\\\/#organization\"},\"image\":{\"@id\":\"https:\\\/\\\/droneandcam.com\\\/sv\\\/post\\\/insta360-x5-valj-inte-dina-vinklar-fanga-dem-alla\\\/#primaryimage\"},\"thumbnailUrl\":\"https:\\\/\\\/droneandcam.com\\\/wp-content\\\/uploads\\\/2025\\\/08\\\/image-719.avif\",\"articleSection\":[\"Insta360 X5\",\"Okategoriserad\"],\"inLanguage\":\"sv-SE\",\"potentialAction\":[{\"@type\":\"CommentAction\",\"name\":\"Comment\",\"target\":[\"https:\\\/\\\/droneandcam.com\\\/sv\\\/post\\\/insta360-x5-valj-inte-dina-vinklar-fanga-dem-alla\\\/#respond\"]}]},{\"@type\":\"WebPage\",\"@id\":\"https:\\\/\\\/droneandcam.com\\\/sv\\\/post\\\/insta360-x5-valj-inte-dina-vinklar-fanga-dem-alla\\\/\",\"url\":\"https:\\\/\\\/droneandcam.com\\\/sv\\\/post\\\/insta360-x5-valj-inte-dina-vinklar-fanga-dem-alla\\\/\",\"name\":\"insta360 x5: v\u00e4lj inte dina vinklar, f\u00e5nga dem alla!\",\"isPartOf\":{\"@id\":\"https:\\\/\\\/droneandcam.com\\\/sv\\\/#website\"},\"primaryImageOfPage\":{\"@id\":\"https:\\\/\\\/droneandcam.com\\\/sv\\\/post\\\/insta360-x5-valj-inte-dina-vinklar-fanga-dem-alla\\\/#primaryimage\"},\"image\":{\"@id\":\"https:\\\/\\\/droneandcam.com\\\/sv\\\/post\\\/insta360-x5-valj-inte-dina-vinklar-fanga-dem-alla\\\/#primaryimage\"},\"thumbnailUrl\":\"https:\\\/\\\/droneandcam.com\\\/wp-content\\\/uploads\\\/2025\\\/08\\\/image-719.avif\",\"datePublished\":\"2025-08-08T12:04:33+00:00\",\"dateModified\":\"2025-09-16T12:41:50+00:00\",\"description\":\"Se hur Insta360 X5 revolutionerar hur m\u00e4nniskor fotograferar med sin 360\u00b0-teknik. Filma f\u00f6rst, rama sen!\",\"breadcrumb\":{\"@id\":\"https:\\\/\\\/droneandcam.com\\\/sv\\\/post\\\/insta360-x5-valj-inte-dina-vinklar-fanga-dem-alla\\\/#breadcrumb\"},\"inLanguage\":\"sv-SE\",\"potentialAction\":[{\"@type\":\"ReadAction\",\"target\":[\"https:\\\/\\\/droneandcam.com\\\/sv\\\/post\\\/insta360-x5-valj-inte-dina-vinklar-fanga-dem-alla\\\/\"]}]},{\"@type\":\"ImageObject\",\"inLanguage\":\"sv-SE\",\"@id\":\"https:\\\/\\\/droneandcam.com\\\/sv\\\/post\\\/insta360-x5-valj-inte-dina-vinklar-fanga-dem-alla\\\/#primaryimage\",\"url\":\"https:\\\/\\\/droneandcam.com\\\/wp-content\\\/uploads\\\/2025\\\/08\\\/image-719.avif\",\"contentUrl\":\"https:\\\/\\\/droneandcam.com\\\/wp-content\\\/uploads\\\/2025\\\/08\\\/image-719.avif\",\"width\":740,\"height\":416,\"caption\":\"Insta360 X5\"},{\"@type\":\"BreadcrumbList\",\"@id\":\"https:\\\/\\\/droneandcam.com\\\/sv\\\/post\\\/insta360-x5-valj-inte-dina-vinklar-fanga-dem-alla\\\/#breadcrumb\",\"itemListElement\":[{\"@type\":\"ListItem\",\"position\":1,\"name\":\"Accueil\",\"item\":\"https:\\\/\\\/droneandcam.com\\\/sv\\\/\"},{\"@type\":\"ListItem\",\"position\":2,\"name\":\"insta360 x5: v\u00e4lj inte dina vinklar, f\u00e5nga dem alla!\"}]},{\"@type\":\"WebSite\",\"@id\":\"https:\\\/\\\/droneandcam.com\\\/sv\\\/#website\",\"url\":\"https:\\\/\\\/droneandcam.com\\\/sv\\\/\",\"name\":\"Drone & Cam\",\"description\":\"Shoot. Fly. Repeat.\",\"publisher\":{\"@id\":\"https:\\\/\\\/droneandcam.com\\\/sv\\\/#organization\"},\"potentialAction\":[{\"@type\":\"SearchAction\",\"target\":{\"@type\":\"EntryPoint\",\"urlTemplate\":\"https:\\\/\\\/droneandcam.com\\\/sv\\\/?s={search_term_string}\"},\"query-input\":{\"@type\":\"PropertyValueSpecification\",\"valueRequired\":true,\"valueName\":\"search_term_string\"}}],\"inLanguage\":\"sv-SE\"},{\"@type\":\"Organization\",\"@id\":\"https:\\\/\\\/droneandcam.com\\\/sv\\\/#organization\",\"name\":\"Drone & Cam\",\"url\":\"https:\\\/\\\/droneandcam.com\\\/sv\\\/\",\"logo\":{\"@type\":\"ImageObject\",\"inLanguage\":\"sv-SE\",\"@id\":\"https:\\\/\\\/droneandcam.com\\\/sv\\\/#\\\/schema\\\/logo\\\/image\\\/\",\"url\":\"https:\\\/\\\/droneandcam.com\\\/wp-content\\\/uploads\\\/2026\\\/02\\\/cropped-ChatGPT_Image_7_aout_2025_a_12_02_31-removebg-preview-150x150-2.avif\",\"contentUrl\":\"https:\\\/\\\/droneandcam.com\\\/wp-content\\\/uploads\\\/2026\\\/02\\\/cropped-ChatGPT_Image_7_aout_2025_a_12_02_31-removebg-preview-150x150-2.avif\",\"width\":150,\"height\":150,\"caption\":\"Drone & Cam\"},\"image\":{\"@id\":\"https:\\\/\\\/droneandcam.com\\\/sv\\\/#\\\/schema\\\/logo\\\/image\\\/\"}},{\"@type\":\"Person\",\"@id\":\"https:\\\/\\\/droneandcam.com\\\/sv\\\/#\\\/schema\\\/person\\\/1d7eeaaec7ae447ff752ef6419070cf8\",\"name\":\"Guillaume H\",\"image\":{\"@type\":\"ImageObject\",\"inLanguage\":\"sv-SE\",\"@id\":\"https:\\\/\\\/droneandcam.com\\\/wp-content\\\/litespeed\\\/avatar\\\/aca862fd3874227a72051e8c181b94f9.jpg?ver=1777031529\",\"url\":\"https:\\\/\\\/droneandcam.com\\\/wp-content\\\/litespeed\\\/avatar\\\/aca862fd3874227a72051e8c181b94f9.jpg?ver=1777031529\",\"contentUrl\":\"https:\\\/\\\/droneandcam.com\\\/wp-content\\\/litespeed\\\/avatar\\\/aca862fd3874227a72051e8c181b94f9.jpg?ver=1777031529\",\"caption\":\"Guillaume H\"},\"description\":\"Entrepreneur du web et cr\u00e9ateur de contenu passionn\u00e9 par le voyage, la photo et la vid\u00e9o. Partage conseils, tests et bons plans pour aider \u00e0 vivre pleinement ses passions.\",\"sameAs\":[\"http:\\\/\\\/droneandcam.com\"],\"url\":\"https:\\\/\\\/droneandcam.com\\\/sv\\\/post\\\/author\\\/guillaumehelion10gmail-com\\\/\"}]}<\/script>\n<!-- \/ Yoast SEO Premium plugin. -->","yoast_head_json":{"title":"insta360 x5: v\u00e4lj inte dina vinklar, f\u00e5nga dem alla!","description":"Se hur Insta360 X5 revolutionerar hur m\u00e4nniskor fotograferar med sin 360\u00b0-teknik. Filma f\u00f6rst, rama sen!","robots":{"index":"index","follow":"follow","max-snippet":"max-snippet:-1","max-image-preview":"max-image-preview:large","max-video-preview":"max-video-preview:-1"},"canonical":"https:\/\/droneandcam.com\/sv\/post\/insta360-x5-valj-inte-dina-vinklar-fanga-dem-alla\/","og_locale":"sv_SE","og_type":"article","og_title":"insta360 x5: v\u00e4lj inte dina vinklar, f\u00e5nga dem alla!","og_description":"{{excerpt}} Infos utiles, conseils terrain et retour d\u2019exp\u00e9rience.","og_url":"https:\/\/droneandcam.com\/sv\/post\/insta360-x5-valj-inte-dina-vinklar-fanga-dem-alla\/","og_site_name":"Drone &amp; Cam","article_published_time":"2025-08-08T12:04:33+00:00","article_modified_time":"2025-09-16T12:41:50+00:00","og_image":[{"width":740,"height":416,"url":"https:\/\/droneandcam.com\/wp-content\/uploads\/2025\/08\/image-719.avif","type":"image\/webp"}],"author":"Guillaume H","twitter_card":"summary_large_image","twitter_misc":{"Skriven av":"Guillaume H","Ber\u00e4knad l\u00e4stid":"3 minuter"},"schema":{"@context":"https:\/\/schema.org","@graph":[{"@type":"Article","@id":"https:\/\/droneandcam.com\/sv\/post\/insta360-x5-valj-inte-dina-vinklar-fanga-dem-alla\/#article","isPartOf":{"@id":"https:\/\/droneandcam.com\/sv\/post\/insta360-x5-valj-inte-dina-vinklar-fanga-dem-alla\/"},"author":{"name":"Guillaume H","@id":"https:\/\/droneandcam.com\/sv\/#\/schema\/person\/1d7eeaaec7ae447ff752ef6419070cf8"},"headline":"insta360 x5: v\u00e4lj inte dina vinklar, f\u00e5nga dem alla!","datePublished":"2025-08-08T12:04:33+00:00","dateModified":"2025-09-16T12:41:50+00:00","mainEntityOfPage":{"@id":"https:\/\/droneandcam.com\/sv\/post\/insta360-x5-valj-inte-dina-vinklar-fanga-dem-alla\/"},"wordCount":687,"commentCount":0,"publisher":{"@id":"https:\/\/droneandcam.com\/sv\/#organization"},"image":{"@id":"https:\/\/droneandcam.com\/sv\/post\/insta360-x5-valj-inte-dina-vinklar-fanga-dem-alla\/#primaryimage"},"thumbnailUrl":"https:\/\/droneandcam.com\/wp-content\/uploads\/2025\/08\/image-719.avif","articleSection":["Insta360 X5","Okategoriserad"],"inLanguage":"sv-SE","potentialAction":[{"@type":"CommentAction","name":"Comment","target":["https:\/\/droneandcam.com\/sv\/post\/insta360-x5-valj-inte-dina-vinklar-fanga-dem-alla\/#respond"]}]},{"@type":"WebPage","@id":"https:\/\/droneandcam.com\/sv\/post\/insta360-x5-valj-inte-dina-vinklar-fanga-dem-alla\/","url":"https:\/\/droneandcam.com\/sv\/post\/insta360-x5-valj-inte-dina-vinklar-fanga-dem-alla\/","name":"insta360 x5: v\u00e4lj inte dina vinklar, f\u00e5nga dem alla!","isPartOf":{"@id":"https:\/\/droneandcam.com\/sv\/#website"},"primaryImageOfPage":{"@id":"https:\/\/droneandcam.com\/sv\/post\/insta360-x5-valj-inte-dina-vinklar-fanga-dem-alla\/#primaryimage"},"image":{"@id":"https:\/\/droneandcam.com\/sv\/post\/insta360-x5-valj-inte-dina-vinklar-fanga-dem-alla\/#primaryimage"},"thumbnailUrl":"https:\/\/droneandcam.com\/wp-content\/uploads\/2025\/08\/image-719.avif","datePublished":"2025-08-08T12:04:33+00:00","dateModified":"2025-09-16T12:41:50+00:00","description":"Se hur Insta360 X5 revolutionerar hur m\u00e4nniskor fotograferar med sin 360\u00b0-teknik. Filma f\u00f6rst, rama sen!","breadcrumb":{"@id":"https:\/\/droneandcam.com\/sv\/post\/insta360-x5-valj-inte-dina-vinklar-fanga-dem-alla\/#breadcrumb"},"inLanguage":"sv-SE","potentialAction":[{"@type":"ReadAction","target":["https:\/\/droneandcam.com\/sv\/post\/insta360-x5-valj-inte-dina-vinklar-fanga-dem-alla\/"]}]},{"@type":"ImageObject","inLanguage":"sv-SE","@id":"https:\/\/droneandcam.com\/sv\/post\/insta360-x5-valj-inte-dina-vinklar-fanga-dem-alla\/#primaryimage","url":"https:\/\/droneandcam.com\/wp-content\/uploads\/2025\/08\/image-719.avif","contentUrl":"https:\/\/droneandcam.com\/wp-content\/uploads\/2025\/08\/image-719.avif","width":740,"height":416,"caption":"Insta360 X5"},{"@type":"BreadcrumbList","@id":"https:\/\/droneandcam.com\/sv\/post\/insta360-x5-valj-inte-dina-vinklar-fanga-dem-alla\/#breadcrumb","itemListElement":[{"@type":"ListItem","position":1,"name":"Accueil","item":"https:\/\/droneandcam.com\/sv\/"},{"@type":"ListItem","position":2,"name":"insta360 x5: v\u00e4lj inte dina vinklar, f\u00e5nga dem alla!"}]},{"@type":"WebSite","@id":"https:\/\/droneandcam.com\/sv\/#website","url":"https:\/\/droneandcam.com\/sv\/","name":"Drone & Cam","description":"Shoot. Fly. Repeat.","publisher":{"@id":"https:\/\/droneandcam.com\/sv\/#organization"},"potentialAction":[{"@type":"SearchAction","target":{"@type":"EntryPoint","urlTemplate":"https:\/\/droneandcam.com\/sv\/?s={search_term_string}"},"query-input":{"@type":"PropertyValueSpecification","valueRequired":true,"valueName":"search_term_string"}}],"inLanguage":"sv-SE"},{"@type":"Organization","@id":"https:\/\/droneandcam.com\/sv\/#organization","name":"Drone & Cam","url":"https:\/\/droneandcam.com\/sv\/","logo":{"@type":"ImageObject","inLanguage":"sv-SE","@id":"https:\/\/droneandcam.com\/sv\/#\/schema\/logo\/image\/","url":"https:\/\/droneandcam.com\/wp-content\/uploads\/2026\/02\/cropped-ChatGPT_Image_7_aout_2025_a_12_02_31-removebg-preview-150x150-2.avif","contentUrl":"https:\/\/droneandcam.com\/wp-content\/uploads\/2026\/02\/cropped-ChatGPT_Image_7_aout_2025_a_12_02_31-removebg-preview-150x150-2.avif","width":150,"height":150,"caption":"Drone & Cam"},"image":{"@id":"https:\/\/droneandcam.com\/sv\/#\/schema\/logo\/image\/"}},{"@type":"Person","@id":"https:\/\/droneandcam.com\/sv\/#\/schema\/person\/1d7eeaaec7ae447ff752ef6419070cf8","name":"Guillaume H","image":{"@type":"ImageObject","inLanguage":"sv-SE","@id":"https:\/\/droneandcam.com\/wp-content\/litespeed\/avatar\/aca862fd3874227a72051e8c181b94f9.jpg?ver=1777031529","url":"https:\/\/droneandcam.com\/wp-content\/litespeed\/avatar\/aca862fd3874227a72051e8c181b94f9.jpg?ver=1777031529","contentUrl":"https:\/\/droneandcam.com\/wp-content\/litespeed\/avatar\/aca862fd3874227a72051e8c181b94f9.jpg?ver=1777031529","caption":"Guillaume H"},"description":"Entrepreneur du web et cr\u00e9ateur de contenu passionn\u00e9 par le voyage, la photo et la vid\u00e9o. Partage conseils, tests et bons plans pour aider \u00e0 vivre pleinement ses passions.","sameAs":["http:\/\/droneandcam.com"],"url":"https:\/\/droneandcam.com\/sv\/post\/author\/guillaumehelion10gmail-com\/"}]}},"_links":{"self":[{"href":"https:\/\/droneandcam.com\/sv\/wp-json\/wp\/v2\/posts\/28965","targetHints":{"allow":["GET"]}}],"collection":[{"href":"https:\/\/droneandcam.com\/sv\/wp-json\/wp\/v2\/posts"}],"about":[{"href":"https:\/\/droneandcam.com\/sv\/wp-json\/wp\/v2\/types\/post"}],"author":[{"embeddable":true,"href":"https:\/\/droneandcam.com\/sv\/wp-json\/wp\/v2\/users\/1"}],"replies":[{"embeddable":true,"href":"https:\/\/droneandcam.com\/sv\/wp-json\/wp\/v2\/comments?post=28965"}],"version-history":[{"count":1,"href":"https:\/\/droneandcam.com\/sv\/wp-json\/wp\/v2\/posts\/28965\/revisions"}],"predecessor-version":[{"id":28966,"href":"https:\/\/droneandcam.com\/sv\/wp-json\/wp\/v2\/posts\/28965\/revisions\/28966"}],"wp:featuredmedia":[{"embeddable":true,"href":"https:\/\/droneandcam.com\/sv\/wp-json\/wp\/v2\/media\/8868"}],"wp:attachment":[{"href":"https:\/\/droneandcam.com\/sv\/wp-json\/wp\/v2\/media?parent=28965"}],"wp:term":[{"taxonomy":"category","embeddable":true,"href":"https:\/\/droneandcam.com\/sv\/wp-json\/wp\/v2\/categories?post=28965"},{"taxonomy":"post_tag","embeddable":true,"href":"https:\/\/droneandcam.com\/sv\/wp-json\/wp\/v2\/tags?post=28965"}],"curies":[{"name":"wp","href":"https:\/\/api.w.org\/{rel}","templated":true}]}}