{"id":31479,"date":"2025-09-25T21:55:49","date_gmt":"2025-09-25T17:55:49","guid":{"rendered":"https:\/\/droneandcam.com\/post\/wir-stellen-vor-die-insta360-wave-der-ki-lautsprecher-fuer-uebersichtlichere-meetings\/"},"modified":"2026-02-17T12:36:18","modified_gmt":"2026-02-17T08:36:18","slug":"wir-stellen-vor-die-insta360-wave-der-ki-lautsprecher-fuer-uebersichtlichere-meetings","status":"publish","type":"post","link":"https:\/\/droneandcam.com\/de\/post\/wir-stellen-vor-die-insta360-wave-der-ki-lautsprecher-fuer-uebersichtlichere-meetings\/","title":{"rendered":"Wir stellen vor: Die Insta360 Wave: Der KI-Lautsprecher f\u00fcr \u00fcbersichtlichere Meetings"},"content":{"rendered":"\n<p>In einer Welt, in der Videokonferenzen und Online-Anrufe zu einem Muss geworden sind, macht <a href=\"https:\/\/droneandcam.com\/de\/post\/die-besten-sd-karten-fuer-die-sony-%ce%b11-ii-einkaufsfuehrer\/\">die<\/a> Klangqualit\u00e4t oft den Unterschied zwischen einem produktiven Meeting und einer chaotischen Diskussion aus. Die <a href=\"https:\/\/www.insta360.com\/sal\/wave?utm_term=INREC7J\">Insta360 Wave<\/a> ist eine klare Antwort auf dieses Bed\u00fcrfnis: ein professioneller Lautsprecher, der durch k\u00fcnstliche Intelligenz unterst\u00fctzt wird und jeden Austausch reibungsloser, klarer und nat\u00fcrlicher macht. <\/p>\n\n<figure class=\"wp-block-image aligncenter size-large\"><img loading=\"lazy\" decoding=\"async\" width=\"1024\" height=\"1021\" src=\"https:\/\/droneandcam.com\/wp-content\/uploads\/2025\/09\/Video-conference-1024x1021.avif\" alt=\"Insta360 Welle\" class=\"wp-image-31437\" srcset=\"https:\/\/droneandcam.com\/wp-content\/uploads\/2025\/09\/Video-conference-1024x1021.avif 1024w, https:\/\/droneandcam.com\/wp-content\/uploads\/2025\/09\/Video-conference-300x300.avif 300w, https:\/\/droneandcam.com\/wp-content\/uploads\/2025\/09\/Video-conference-150x150.avif 150w, https:\/\/droneandcam.com\/wp-content\/uploads\/2025\/09\/Video-conference-768x766.avif 768w, https:\/\/droneandcam.com\/wp-content\/uploads\/2025\/09\/Video-conference-1536x1531.avif 1536w, https:\/\/droneandcam.com\/wp-content\/uploads\/2025\/09\/Video-conference-2048x2042.avif 2048w\" sizes=\"auto, (max-width: 1024px) 100vw, 1024px\" \/><\/figure>\n\n<hr class=\"wp-block-separator has-alpha-channel-opacity\" \/>\n\n<h2 class=\"wp-block-heading\" id=\"h-qu-est-ce-que-l-insta360-wave-nbsp\">Was ist <a href=\"https:\/\/www.insta360.com\/sal\/wave?utm_term=INREC7J\">die Insta360 Wave<\/a> ?<\/h2>\n\n<p>Die <a href=\"https:\/\/www.insta360.com\/sal\/wave?utm_term=INREC7J\">Insta360 Wave<\/a> ist nicht nur ein Desktop-Lautsprecher. Es ist ein Tool, das f\u00fcr Profis und Kreative entwickelt wurde, die die Qualit\u00e4t ihrer Meetings, Kundenanrufe oder Online-Konferenzen verbessern m\u00f6chten. Dank KI erkennt es Stimmen, reduziert Fremdger\u00e4usche und optimiert die Klangwiedergabe. Dadurch kommen alle besser miteinander aus, auch in komplizierten Umgebungen <a href=\"https:\/\/droneandcam.com\/de\/post\/wie-lade-ich-ein-360-grad-foto-auf-facebook-hoch\/\">wie<\/a> Gro\u00dfraumb\u00fcros.   <\/p>\n\n<a href=\"https:\/\/www.insta360.com\/sal\/wave?utm_term=INREC7J\" target=\"_blank\" style=\"text-decoration: none;font-family: Arial, sans-serif;color: inherit;margin: 30px auto;max-width: 900px\">\n  <div style=\"flex-wrap: wrap;border: 1px solid #ddd;border-radius: 12px;overflow: hidden;background: #fff\">\n    \n    <!-- Image -->\n    <div style=\"flex: 1 1 50%;min-width: 300px\">\n      <img decoding=\"async\" src=\"https:\/\/droneandcam.com\/wp-content\/uploads\/2025\/09\/Front-Levitating-scaled.avif\" alt=\"Insta360 Welle\" style=\"width: 100%;height: auto\" \/>\n    <\/div>\n\n    <!-- Texte -->\n    <div style=\"flex: 1 1 50%;min-width: 300px;padding: 25px;flex-direction: column;justify-content: center;text-align: left\">\n      <h2 style=\"margin: 0 0 15px;font-size: 26px;color: #222\">Insta360 Welle<\/h2>\n      <p style=\"margin: 0 0 20px;font-size: 16px;line-height: 1.6;color: #555\">\n  Lernen Sie die Insta360 Wave kennen, den KI-gest\u00fctzten Smart Speaker f\u00fcr klarere, produktivere und ger\u00e4uschlosere Meetings.\n      <\/p>\n      <span style=\"padding: 14px 28px;background-color: #ffcc00;color: #000;font-weight: bold;border-radius: 8px;font-size: 16px;text-align: center\">\n  Jetzt kaufen\n      <\/span>\n    <\/div>\n  <\/div>\n<\/a>\n\n\n<hr class=\"wp-block-separator has-alpha-channel-opacity\" \/>\n\n<h2 class=\"wp-block-heading\" id=\"h-design-et-prise-en-main\">Aufbau und Handhabung<\/h2>\n\n<p>Die n\u00fcchterne, kompakte und elegante <a href=\"https:\/\/www.insta360.com\/sal\/wave?utm_term=INREC7J\">Insta360 Wave<\/a> f\u00fcgt sich problemlos in jeden Arbeitsbereich ein. Sein abgerundetes, modernes Design ist auf einem Besprechungstisch oder im Homeoffice fehl am Platz. <\/p>\n\n<ul class=\"wp-block-list\">\n<li>Intuitive Touch-Oberfl\u00e4che<\/li>\n\n\n\n<li>Klare LED-Anzeigen zur Verfolgung des Ger\u00e4testatus<\/li>\n\n\n\n<li>Tragbare Gr\u00f6\u00dfe, um es \u00fcberall hin mitzunehmen<\/li>\n<\/ul>\n\n<figure class=\"wp-block-image aligncenter size-large\"><img loading=\"lazy\" decoding=\"async\" width=\"1024\" height=\"683\" src=\"https:\/\/droneandcam.com\/wp-content\/uploads\/2025\/09\/Team-meeting-1024x683.avif\" alt=\"Insta360 Welle\" class=\"wp-image-31427\" srcset=\"https:\/\/droneandcam.com\/wp-content\/uploads\/2025\/09\/Team-meeting-1024x683.avif 1024w, https:\/\/droneandcam.com\/wp-content\/uploads\/2025\/09\/Team-meeting-300x200.avif 300w, https:\/\/droneandcam.com\/wp-content\/uploads\/2025\/09\/Team-meeting-768x512.avif 768w, https:\/\/droneandcam.com\/wp-content\/uploads\/2025\/09\/Team-meeting-1536x1024.avif 1536w, https:\/\/droneandcam.com\/wp-content\/uploads\/2025\/09\/Team-meeting-2048x1365.avif 2048w\" sizes=\"auto, (max-width: 1024px) 100vw, 1024px\" \/><\/figure>\n\n<hr class=\"wp-block-separator has-alpha-channel-opacity\" \/>\n\n<h2 class=\"wp-block-heading\" id=\"h-les-fonctionnalites-principales-de-l-insta360-wave\">Die Hauptmerkmale der <a href=\"https:\/\/www.insta360.com\/sal\/wave?utm_term=INREC7J\">Insta360 Wave<\/a><\/h2>\n\n<h3 class=\"wp-block-heading\" id=\"h-une-qualite-sonore-optimisee\">Optimierte Klangqualit\u00e4t<\/h3>\n\n<p>Mit ihren leistungsstarken Lautsprechern sorgt die <a href=\"https:\/\/www.insta360.com\/sal\/wave?utm_term=INREC7J\">Insta360 Wave<\/a> f\u00fcr eine klare und gestochen scharfe \u00dcbertragung, ideal f\u00fcr alle, um den Austausch perfekt zu h\u00f6ren. Seine Long-Range-Tonabnehmer nehmen Vocals bis zu mehreren Metern Entfernung ohne Qualit\u00e4tsverlust auf. <\/p>\n\n<h3 class=\"wp-block-heading\" id=\"h-intelligence-artificielle-integree\">Eingebaute k\u00fcnstliche Intelligenz<\/h3>\n\n<p>Der eigentliche Unterschied der <a href=\"https:\/\/www.insta360.com\/sal\/wave?utm_term=INREC7J\">Insta360 Wave<\/a> ist ihre KI. Es isoliert automatisch die Lead-Stimme und reduziert Fremdger\u00e4usche wie Tastaturen, L\u00fcftern oder Chats im Hintergrund. Dies ist ein gro\u00dfer Vorteil, um Meetings fokussiert und angenehm zu verfolgen.  <\/p>\n\n<h3 class=\"wp-block-heading\" id=\"h-compatibilite-et-connectivite\">Kompatibilit\u00e4t und Konnektivit\u00e4t<\/h3>\n\n<p>Die <a href=\"https:\/\/www.insta360.com\/sal\/wave?utm_term=INREC7J\">Insta360 Wave<\/a> ist mit allen g\u00e4ngigen Plattformen kompatibel: Zoom, Microsoft Teams, Google Meet, Slack&#8230; Die Verbindung erfolgt \u00fcber Bluetooth oder USB-C f\u00fcr ein sofortiges Plug-and-Play-Erlebnis.<\/p>\n\n<hr class=\"wp-block-separator has-alpha-channel-opacity\" \/>\n\n<h2 class=\"wp-block-heading\" id=\"h-performance-en-conditions-reelles\">Leistung in der Praxis<\/h2>\n\n<p>W\u00e4hrend einer Teambesprechung nimmt die <a href=\"https:\/\/www.insta360.com\/sal\/wave?utm_term=INREC7J\">Insta360 Wave<\/a> jeden Sprecher auf, ohne dass dieser in die N\u00e4he des Mikrofons kommen muss. Wenn Sie von zu Hause aus arbeiten, ver\u00e4ndert es die Erfahrung, indem es den Austausch so fl\u00fcssig macht, als ob er von Angesicht zu Angesicht stattfinden w\u00fcrde. Selbst in einem Gro\u00dfraumb\u00fcro werden Ablenkungen reduziert, um sich nur auf n\u00fctzliche Stimmen zu konzentrieren.  <\/p>\n\n<figure class=\"wp-block-image aligncenter size-large\"><img loading=\"lazy\" decoding=\"async\" width=\"1024\" height=\"1021\" src=\"https:\/\/droneandcam.com\/wp-content\/uploads\/2025\/09\/Video-conference-1024x1021.avif\" alt=\"Insta360 Welle\" class=\"wp-image-31437\" srcset=\"https:\/\/droneandcam.com\/wp-content\/uploads\/2025\/09\/Video-conference-1024x1021.avif 1024w, https:\/\/droneandcam.com\/wp-content\/uploads\/2025\/09\/Video-conference-300x300.avif 300w, https:\/\/droneandcam.com\/wp-content\/uploads\/2025\/09\/Video-conference-150x150.avif 150w, https:\/\/droneandcam.com\/wp-content\/uploads\/2025\/09\/Video-conference-768x766.avif 768w, https:\/\/droneandcam.com\/wp-content\/uploads\/2025\/09\/Video-conference-1536x1531.avif 1536w, https:\/\/droneandcam.com\/wp-content\/uploads\/2025\/09\/Video-conference-2048x2042.avif 2048w\" sizes=\"auto, (max-width: 1024px) 100vw, 1024px\" \/><\/figure>\n\n<hr class=\"wp-block-separator has-alpha-channel-opacity\" \/>\n\n<h2 class=\"wp-block-heading\" id=\"h-autonomie-et-praticite\">Autonomie und Praktikabilit\u00e4t<\/h2>\n\n<p>Die <a href=\"https:\/\/www.insta360.com\/sal\/wave?utm_term=INREC7J\">Insta360 Wave<\/a> funktioniert sowohl am Stromnetz als auch mit ihrem internen Akku und bietet eine mehrst\u00fcndige Nutzung ohne Aufladen. Er l\u00e4dt sich schnell \u00fcber USB-C auf und ist immer bereit f\u00fcr Ihre Last-Minute-Meetings. <\/p>\n\n<hr class=\"wp-block-separator has-alpha-channel-opacity\" \/>\n\n<h2 class=\"wp-block-heading\" id=\"h-les-avantages-de-l-insta360-wave-nbsp-face-a-la-concurrence\">Die Vorteile der <a href=\"https:\/\/www.insta360.com\/sal\/wave?utm_term=INREC7J\">Insta360 Wave<\/a> gegen\u00fcber der Konkurrenz<\/h2>\n\n<p>Im Vergleich zu herk\u00f6mmlichen Kopfh\u00f6rern oder einem Standardlautsprecher zeichnet sich der <a href=\"https:\/\/www.insta360.com\/sal\/wave?utm_term=INREC7J\">Insta360 Wave<\/a> aus durch:<\/p>\n\n<ul class=\"wp-block-list\">\n<li>Sein intelligentes Soundmanagement dank KI<\/li>\n\n\n\n<li>Universelle Kompatibilit\u00e4t mit Videokonferenzplattformen<\/li>\n\n\n\n<li>Sein professionelles und tragbares Design<\/li>\n\n\n\n<li>Seine F\u00e4higkeit, ein lautes Meeting in einen klaren und strukturierten Austausch zu verwandeln<\/li>\n<\/ul>\n\n<hr class=\"wp-block-separator has-alpha-channel-opacity\" \/>\n\n<h2 class=\"wp-block-heading\" id=\"h-prix-et-disponibilite\">Preise und Verf\u00fcgbarkeit<\/h2>\n\n<p>Die <a href=\"https:\/\/www.insta360.com\/sal\/wave?utm_term=INREC7J\">Insta360 Wave<\/a> ist auf der offiziellen Insta360-Website und bei mehreren Fachh\u00e4ndlern erh\u00e4ltlich. Das Paket enth\u00e4lt den Lautsprecher, ein USB-C-Ladekabel und eine Tragetasche. <\/p>\n\n<a href=\"https:\/\/www.insta360.com\/sal\/wave?utm_term=INREC7J\" target=\"_blank\" style=\"text-decoration: none;font-family: Arial, sans-serif;color: inherit;margin: 30px auto;max-width: 900px\">\n  <div style=\"flex-wrap: wrap;border: 1px solid #ddd;border-radius: 12px;overflow: hidden;background: #fff\">\n    \n    <!-- Image -->\n    <div style=\"flex: 1 1 50%;min-width: 300px\">\n      <img decoding=\"async\" src=\"https:\/\/droneandcam.com\/wp-content\/uploads\/2025\/09\/Front-Levitating-scaled.avif\" alt=\"Insta360 Welle\" style=\"width: 100%;height: auto\" \/>\n    <\/div>\n\n    <!-- Texte -->\n    <div style=\"flex: 1 1 50%;min-width: 300px;padding: 25px;flex-direction: column;justify-content: center;text-align: left\">\n      <h2 style=\"margin: 0 0 15px;font-size: 26px;color: #222\">Insta360 Welle<\/h2>\n      <p style=\"margin: 0 0 20px;font-size: 16px;line-height: 1.6;color: #555\">\n  Lernen Sie die Insta360 Wave kennen, den KI-gest\u00fctzten Smart Speaker f\u00fcr klarere, produktivere und ger\u00e4uschlosere Meetings.\n      <\/p>\n      <span style=\"padding: 14px 28px;background-color: #ffcc00;color: #000;font-weight: bold;border-radius: 8px;font-size: 16px;text-align: center\">\n  Jetzt kaufen\n      <\/span>\n    <\/div>\n  <\/div>\n<\/a>\n\n\n<hr class=\"wp-block-separator has-alpha-channel-opacity\" \/>\n\n<h2 class=\"wp-block-heading\" id=\"h-faut-il-craquer-pour-l-insta360-wave-nbsp\">Sollten Sie sich in die <a href=\"https:\/\/www.insta360.com\/sal\/wave?utm_term=INREC7J\">Insta360 Wave<\/a> verlieben?<\/h2>\n\n<p>Wenn Sie Freiberufler, Teamleiter, Ersteller von Inhalten oder einfach nur ein Remote-Mitarbeiter sind, ist die <a href=\"https:\/\/www.insta360.com\/sal\/wave?utm_term=INREC7J\">Insta360 Wave<\/a> eine echte Bereicherung, um Ihre Meetings zu verbessern. Es vereinfacht die Kommunikation, reduziert die Erm\u00fcdung durch schlecht klingende Anrufe und bringt echten Komfort in den Alltag. <\/p>\n\n<hr class=\"wp-block-separator has-alpha-channel-opacity\" \/>\n\n<p>\ud83d\udc49 Und Sie, glauben Sie, dass die <a href=\"https:\/\/www.insta360.com\/sal\/wave?utm_term=INREC7J\">Insta360 Wave<\/a> Ihr aktuelles Headset oder Ihren Lautsprecher f\u00fcr Ihre Meetings ersetzen k\u00f6nnte?<\/p>\n","protected":false},"excerpt":{"rendered":"<p>In einer Welt, in der Videokonferenzen und Online-Anrufe zu einem Muss geworden sind, macht die Klangqualit\u00e4t oft den Unterschied zwischen einem produktiven Meeting und einer chaotischen Diskussion aus. Die Insta360 Wave ist eine klare Antwort auf dieses Bed\u00fcrfnis: ein professioneller Lautsprecher, der durch k\u00fcnstliche Intelligenz unterst\u00fctzt wird und jeden Austausch reibungsloser, klarer und nat\u00fcrlicher macht. [&hellip;]<\/p>\n","protected":false},"author":1,"featured_media":31450,"comment_status":"open","ping_status":"open","sticky":false,"template":"","format":"standard","meta":{"om_disable_all_campaigns":false,"footnotes":""},"categories":[567],"tags":[],"class_list":["post-31479","post","type-post","status-publish","format-standard","has-post-thumbnail","hentry","category-insta360-welle"],"yoast_head":"<!-- This site is optimized with the Yoast SEO Premium plugin v27.4 (Yoast SEO v27.4) - https:\/\/yoast.com\/product\/yoast-seo-premium-wordpress\/ -->\n<title>Wir stellen vor: Die Insta360 Wave: Der KI-Lautsprecher f\u00fcr \u00fcbersichtlichere Meetings - Drone &amp; Cam<\/title>\n<meta name=\"description\" content=\"Lernen Sie den Insta360 Wave kennen, den intelligenten KI-Lautsprecher, der einen klaren Klang liefert, unerw\u00fcnschte Ger\u00e4usche reduziert und Ihre Meetings in eine Videokonferenz verwandelt.\" \/>\n<meta name=\"robots\" content=\"index, follow, max-snippet:-1, max-image-preview:large, max-video-preview:-1\" \/>\n<link rel=\"canonical\" href=\"https:\/\/droneandcam.com\/de\/post\/wir-stellen-vor-die-insta360-wave-der-ki-lautsprecher-fuer-uebersichtlichere-meetings\/\" \/>\n<meta property=\"og:locale\" content=\"de_DE\" \/>\n<meta property=\"og:type\" content=\"article\" \/>\n<meta property=\"og:title\" content=\"Wir stellen vor: Die Insta360 Wave: Der KI-Lautsprecher f\u00fcr \u00fcbersichtlichere Meetings\" \/>\n<meta property=\"og:description\" content=\"{{excerpt}} Infos utiles, conseils terrain et retour d\u2019exp\u00e9rience.\" \/>\n<meta property=\"og:url\" content=\"https:\/\/droneandcam.com\/de\/post\/wir-stellen-vor-die-insta360-wave-der-ki-lautsprecher-fuer-uebersichtlichere-meetings\/\" \/>\n<meta property=\"og:site_name\" content=\"Drone &amp; Cam\" \/>\n<meta property=\"article:published_time\" content=\"2025-09-25T17:55:49+00:00\" \/>\n<meta property=\"article:modified_time\" content=\"2026-02-17T08:36:18+00:00\" \/>\n<meta property=\"og:image\" content=\"https:\/\/droneandcam.com\/wp-content\/uploads\/2025\/09\/Front-Levitating-scaled.avif\" \/>\n\t<meta property=\"og:image:width\" content=\"2560\" \/>\n\t<meta property=\"og:image:height\" content=\"2560\" \/>\n\t<meta property=\"og:image:type\" content=\"image\/png\" \/>\n<meta name=\"author\" content=\"Guillaume H\" \/>\n<meta name=\"twitter:card\" content=\"summary_large_image\" \/>\n<meta name=\"twitter:label1\" content=\"Verfasst von\" \/>\n\t<meta name=\"twitter:data1\" content=\"Guillaume H\" \/>\n\t<meta name=\"twitter:label2\" content=\"Gesch\u00e4tzte Lesezeit\" \/>\n\t<meta name=\"twitter:data2\" content=\"3\u00a0Minuten\" \/>\n<script type=\"application\/ld+json\" class=\"yoast-schema-graph\">{\"@context\":\"https:\\\/\\\/schema.org\",\"@graph\":[{\"@type\":\"Article\",\"@id\":\"https:\\\/\\\/droneandcam.com\\\/de\\\/post\\\/wir-stellen-vor-die-insta360-wave-der-ki-lautsprecher-fuer-uebersichtlichere-meetings\\\/#article\",\"isPartOf\":{\"@id\":\"https:\\\/\\\/droneandcam.com\\\/de\\\/post\\\/wir-stellen-vor-die-insta360-wave-der-ki-lautsprecher-fuer-uebersichtlichere-meetings\\\/\"},\"author\":{\"name\":\"Guillaume H\",\"@id\":\"https:\\\/\\\/droneandcam.com\\\/de\\\/#\\\/schema\\\/person\\\/1d7eeaaec7ae447ff752ef6419070cf8\"},\"headline\":\"Wir stellen vor: Die Insta360 Wave: Der KI-Lautsprecher f\u00fcr \u00fcbersichtlichere Meetings\",\"datePublished\":\"2025-09-25T17:55:49+00:00\",\"dateModified\":\"2026-02-17T08:36:18+00:00\",\"mainEntityOfPage\":{\"@id\":\"https:\\\/\\\/droneandcam.com\\\/de\\\/post\\\/wir-stellen-vor-die-insta360-wave-der-ki-lautsprecher-fuer-uebersichtlichere-meetings\\\/\"},\"wordCount\":630,\"commentCount\":0,\"publisher\":{\"@id\":\"https:\\\/\\\/droneandcam.com\\\/de\\\/#organization\"},\"image\":{\"@id\":\"https:\\\/\\\/droneandcam.com\\\/de\\\/post\\\/wir-stellen-vor-die-insta360-wave-der-ki-lautsprecher-fuer-uebersichtlichere-meetings\\\/#primaryimage\"},\"thumbnailUrl\":\"https:\\\/\\\/droneandcam.com\\\/wp-content\\\/uploads\\\/2025\\\/09\\\/Front-Levitating-scaled.avif\",\"articleSection\":[\"Insta360 Welle\"],\"inLanguage\":\"de\",\"potentialAction\":[{\"@type\":\"CommentAction\",\"name\":\"Comment\",\"target\":[\"https:\\\/\\\/droneandcam.com\\\/de\\\/post\\\/wir-stellen-vor-die-insta360-wave-der-ki-lautsprecher-fuer-uebersichtlichere-meetings\\\/#respond\"]}]},{\"@type\":\"WebPage\",\"@id\":\"https:\\\/\\\/droneandcam.com\\\/de\\\/post\\\/wir-stellen-vor-die-insta360-wave-der-ki-lautsprecher-fuer-uebersichtlichere-meetings\\\/\",\"url\":\"https:\\\/\\\/droneandcam.com\\\/de\\\/post\\\/wir-stellen-vor-die-insta360-wave-der-ki-lautsprecher-fuer-uebersichtlichere-meetings\\\/\",\"name\":\"Wir stellen vor: Die Insta360 Wave: Der KI-Lautsprecher f\u00fcr \u00fcbersichtlichere Meetings - Drone &amp; Cam\",\"isPartOf\":{\"@id\":\"https:\\\/\\\/droneandcam.com\\\/de\\\/#website\"},\"primaryImageOfPage\":{\"@id\":\"https:\\\/\\\/droneandcam.com\\\/de\\\/post\\\/wir-stellen-vor-die-insta360-wave-der-ki-lautsprecher-fuer-uebersichtlichere-meetings\\\/#primaryimage\"},\"image\":{\"@id\":\"https:\\\/\\\/droneandcam.com\\\/de\\\/post\\\/wir-stellen-vor-die-insta360-wave-der-ki-lautsprecher-fuer-uebersichtlichere-meetings\\\/#primaryimage\"},\"thumbnailUrl\":\"https:\\\/\\\/droneandcam.com\\\/wp-content\\\/uploads\\\/2025\\\/09\\\/Front-Levitating-scaled.avif\",\"datePublished\":\"2025-09-25T17:55:49+00:00\",\"dateModified\":\"2026-02-17T08:36:18+00:00\",\"description\":\"Lernen Sie den Insta360 Wave kennen, den intelligenten KI-Lautsprecher, der einen klaren Klang liefert, unerw\u00fcnschte Ger\u00e4usche reduziert und Ihre Meetings in eine Videokonferenz verwandelt.\",\"breadcrumb\":{\"@id\":\"https:\\\/\\\/droneandcam.com\\\/de\\\/post\\\/wir-stellen-vor-die-insta360-wave-der-ki-lautsprecher-fuer-uebersichtlichere-meetings\\\/#breadcrumb\"},\"inLanguage\":\"de\",\"potentialAction\":[{\"@type\":\"ReadAction\",\"target\":[\"https:\\\/\\\/droneandcam.com\\\/de\\\/post\\\/wir-stellen-vor-die-insta360-wave-der-ki-lautsprecher-fuer-uebersichtlichere-meetings\\\/\"]}]},{\"@type\":\"ImageObject\",\"inLanguage\":\"de\",\"@id\":\"https:\\\/\\\/droneandcam.com\\\/de\\\/post\\\/wir-stellen-vor-die-insta360-wave-der-ki-lautsprecher-fuer-uebersichtlichere-meetings\\\/#primaryimage\",\"url\":\"https:\\\/\\\/droneandcam.com\\\/wp-content\\\/uploads\\\/2025\\\/09\\\/Front-Levitating-scaled.avif\",\"contentUrl\":\"https:\\\/\\\/droneandcam.com\\\/wp-content\\\/uploads\\\/2025\\\/09\\\/Front-Levitating-scaled.avif\",\"width\":2560,\"height\":2560,\"caption\":\"Insta360 Wave\"},{\"@type\":\"BreadcrumbList\",\"@id\":\"https:\\\/\\\/droneandcam.com\\\/de\\\/post\\\/wir-stellen-vor-die-insta360-wave-der-ki-lautsprecher-fuer-uebersichtlichere-meetings\\\/#breadcrumb\",\"itemListElement\":[{\"@type\":\"ListItem\",\"position\":1,\"name\":\"Accueil\",\"item\":\"https:\\\/\\\/droneandcam.com\\\/de\\\/\"},{\"@type\":\"ListItem\",\"position\":2,\"name\":\"Wir stellen vor: Die Insta360 Wave: Der KI-Lautsprecher f\u00fcr \u00fcbersichtlichere Meetings\"}]},{\"@type\":\"WebSite\",\"@id\":\"https:\\\/\\\/droneandcam.com\\\/de\\\/#website\",\"url\":\"https:\\\/\\\/droneandcam.com\\\/de\\\/\",\"name\":\"Drone & Cam\",\"description\":\"Shoot. Fly. Repeat.\",\"publisher\":{\"@id\":\"https:\\\/\\\/droneandcam.com\\\/de\\\/#organization\"},\"potentialAction\":[{\"@type\":\"SearchAction\",\"target\":{\"@type\":\"EntryPoint\",\"urlTemplate\":\"https:\\\/\\\/droneandcam.com\\\/de\\\/?s={search_term_string}\"},\"query-input\":{\"@type\":\"PropertyValueSpecification\",\"valueRequired\":true,\"valueName\":\"search_term_string\"}}],\"inLanguage\":\"de\"},{\"@type\":\"Organization\",\"@id\":\"https:\\\/\\\/droneandcam.com\\\/de\\\/#organization\",\"name\":\"Drone & Cam\",\"url\":\"https:\\\/\\\/droneandcam.com\\\/de\\\/\",\"logo\":{\"@type\":\"ImageObject\",\"inLanguage\":\"de\",\"@id\":\"https:\\\/\\\/droneandcam.com\\\/de\\\/#\\\/schema\\\/logo\\\/image\\\/\",\"url\":\"https:\\\/\\\/droneandcam.com\\\/wp-content\\\/uploads\\\/2026\\\/02\\\/cropped-ChatGPT_Image_7_aout_2025_a_12_02_31-removebg-preview-150x150-2.avif\",\"contentUrl\":\"https:\\\/\\\/droneandcam.com\\\/wp-content\\\/uploads\\\/2026\\\/02\\\/cropped-ChatGPT_Image_7_aout_2025_a_12_02_31-removebg-preview-150x150-2.avif\",\"width\":150,\"height\":150,\"caption\":\"Drone & Cam\"},\"image\":{\"@id\":\"https:\\\/\\\/droneandcam.com\\\/de\\\/#\\\/schema\\\/logo\\\/image\\\/\"}},{\"@type\":\"Person\",\"@id\":\"https:\\\/\\\/droneandcam.com\\\/de\\\/#\\\/schema\\\/person\\\/1d7eeaaec7ae447ff752ef6419070cf8\",\"name\":\"Guillaume H\",\"image\":{\"@type\":\"ImageObject\",\"inLanguage\":\"de\",\"@id\":\"https:\\\/\\\/droneandcam.com\\\/wp-content\\\/litespeed\\\/avatar\\\/aca862fd3874227a72051e8c181b94f9.jpg?ver=1777031529\",\"url\":\"https:\\\/\\\/droneandcam.com\\\/wp-content\\\/litespeed\\\/avatar\\\/aca862fd3874227a72051e8c181b94f9.jpg?ver=1777031529\",\"contentUrl\":\"https:\\\/\\\/droneandcam.com\\\/wp-content\\\/litespeed\\\/avatar\\\/aca862fd3874227a72051e8c181b94f9.jpg?ver=1777031529\",\"caption\":\"Guillaume H\"},\"description\":\"Entrepreneur du web et cr\u00e9ateur de contenu passionn\u00e9 par le voyage, la photo et la vid\u00e9o. Partage conseils, tests et bons plans pour aider \u00e0 vivre pleinement ses passions.\",\"sameAs\":[\"http:\\\/\\\/droneandcam.com\"],\"url\":\"https:\\\/\\\/droneandcam.com\\\/de\\\/post\\\/author\\\/guillaumehelion10gmail-com\\\/\"}]}<\/script>\n<!-- \/ Yoast SEO Premium plugin. -->","yoast_head_json":{"title":"Wir stellen vor: Die Insta360 Wave: Der KI-Lautsprecher f\u00fcr \u00fcbersichtlichere Meetings - Drone &amp; Cam","description":"Lernen Sie den Insta360 Wave kennen, den intelligenten KI-Lautsprecher, der einen klaren Klang liefert, unerw\u00fcnschte Ger\u00e4usche reduziert und Ihre Meetings in eine Videokonferenz verwandelt.","robots":{"index":"index","follow":"follow","max-snippet":"max-snippet:-1","max-image-preview":"max-image-preview:large","max-video-preview":"max-video-preview:-1"},"canonical":"https:\/\/droneandcam.com\/de\/post\/wir-stellen-vor-die-insta360-wave-der-ki-lautsprecher-fuer-uebersichtlichere-meetings\/","og_locale":"de_DE","og_type":"article","og_title":"Wir stellen vor: Die Insta360 Wave: Der KI-Lautsprecher f\u00fcr \u00fcbersichtlichere Meetings","og_description":"{{excerpt}} Infos utiles, conseils terrain et retour d\u2019exp\u00e9rience.","og_url":"https:\/\/droneandcam.com\/de\/post\/wir-stellen-vor-die-insta360-wave-der-ki-lautsprecher-fuer-uebersichtlichere-meetings\/","og_site_name":"Drone &amp; Cam","article_published_time":"2025-09-25T17:55:49+00:00","article_modified_time":"2026-02-17T08:36:18+00:00","og_image":[{"width":2560,"height":2560,"url":"https:\/\/droneandcam.com\/wp-content\/uploads\/2025\/09\/Front-Levitating-scaled.avif","type":"image\/png"}],"author":"Guillaume H","twitter_card":"summary_large_image","twitter_misc":{"Verfasst von":"Guillaume H","Gesch\u00e4tzte Lesezeit":"3\u00a0Minuten"},"schema":{"@context":"https:\/\/schema.org","@graph":[{"@type":"Article","@id":"https:\/\/droneandcam.com\/de\/post\/wir-stellen-vor-die-insta360-wave-der-ki-lautsprecher-fuer-uebersichtlichere-meetings\/#article","isPartOf":{"@id":"https:\/\/droneandcam.com\/de\/post\/wir-stellen-vor-die-insta360-wave-der-ki-lautsprecher-fuer-uebersichtlichere-meetings\/"},"author":{"name":"Guillaume H","@id":"https:\/\/droneandcam.com\/de\/#\/schema\/person\/1d7eeaaec7ae447ff752ef6419070cf8"},"headline":"Wir stellen vor: Die Insta360 Wave: Der KI-Lautsprecher f\u00fcr \u00fcbersichtlichere Meetings","datePublished":"2025-09-25T17:55:49+00:00","dateModified":"2026-02-17T08:36:18+00:00","mainEntityOfPage":{"@id":"https:\/\/droneandcam.com\/de\/post\/wir-stellen-vor-die-insta360-wave-der-ki-lautsprecher-fuer-uebersichtlichere-meetings\/"},"wordCount":630,"commentCount":0,"publisher":{"@id":"https:\/\/droneandcam.com\/de\/#organization"},"image":{"@id":"https:\/\/droneandcam.com\/de\/post\/wir-stellen-vor-die-insta360-wave-der-ki-lautsprecher-fuer-uebersichtlichere-meetings\/#primaryimage"},"thumbnailUrl":"https:\/\/droneandcam.com\/wp-content\/uploads\/2025\/09\/Front-Levitating-scaled.avif","articleSection":["Insta360 Welle"],"inLanguage":"de","potentialAction":[{"@type":"CommentAction","name":"Comment","target":["https:\/\/droneandcam.com\/de\/post\/wir-stellen-vor-die-insta360-wave-der-ki-lautsprecher-fuer-uebersichtlichere-meetings\/#respond"]}]},{"@type":"WebPage","@id":"https:\/\/droneandcam.com\/de\/post\/wir-stellen-vor-die-insta360-wave-der-ki-lautsprecher-fuer-uebersichtlichere-meetings\/","url":"https:\/\/droneandcam.com\/de\/post\/wir-stellen-vor-die-insta360-wave-der-ki-lautsprecher-fuer-uebersichtlichere-meetings\/","name":"Wir stellen vor: Die Insta360 Wave: Der KI-Lautsprecher f\u00fcr \u00fcbersichtlichere Meetings - Drone &amp; Cam","isPartOf":{"@id":"https:\/\/droneandcam.com\/de\/#website"},"primaryImageOfPage":{"@id":"https:\/\/droneandcam.com\/de\/post\/wir-stellen-vor-die-insta360-wave-der-ki-lautsprecher-fuer-uebersichtlichere-meetings\/#primaryimage"},"image":{"@id":"https:\/\/droneandcam.com\/de\/post\/wir-stellen-vor-die-insta360-wave-der-ki-lautsprecher-fuer-uebersichtlichere-meetings\/#primaryimage"},"thumbnailUrl":"https:\/\/droneandcam.com\/wp-content\/uploads\/2025\/09\/Front-Levitating-scaled.avif","datePublished":"2025-09-25T17:55:49+00:00","dateModified":"2026-02-17T08:36:18+00:00","description":"Lernen Sie den Insta360 Wave kennen, den intelligenten KI-Lautsprecher, der einen klaren Klang liefert, unerw\u00fcnschte Ger\u00e4usche reduziert und Ihre Meetings in eine Videokonferenz verwandelt.","breadcrumb":{"@id":"https:\/\/droneandcam.com\/de\/post\/wir-stellen-vor-die-insta360-wave-der-ki-lautsprecher-fuer-uebersichtlichere-meetings\/#breadcrumb"},"inLanguage":"de","potentialAction":[{"@type":"ReadAction","target":["https:\/\/droneandcam.com\/de\/post\/wir-stellen-vor-die-insta360-wave-der-ki-lautsprecher-fuer-uebersichtlichere-meetings\/"]}]},{"@type":"ImageObject","inLanguage":"de","@id":"https:\/\/droneandcam.com\/de\/post\/wir-stellen-vor-die-insta360-wave-der-ki-lautsprecher-fuer-uebersichtlichere-meetings\/#primaryimage","url":"https:\/\/droneandcam.com\/wp-content\/uploads\/2025\/09\/Front-Levitating-scaled.avif","contentUrl":"https:\/\/droneandcam.com\/wp-content\/uploads\/2025\/09\/Front-Levitating-scaled.avif","width":2560,"height":2560,"caption":"Insta360 Wave"},{"@type":"BreadcrumbList","@id":"https:\/\/droneandcam.com\/de\/post\/wir-stellen-vor-die-insta360-wave-der-ki-lautsprecher-fuer-uebersichtlichere-meetings\/#breadcrumb","itemListElement":[{"@type":"ListItem","position":1,"name":"Accueil","item":"https:\/\/droneandcam.com\/de\/"},{"@type":"ListItem","position":2,"name":"Wir stellen vor: Die Insta360 Wave: Der KI-Lautsprecher f\u00fcr \u00fcbersichtlichere Meetings"}]},{"@type":"WebSite","@id":"https:\/\/droneandcam.com\/de\/#website","url":"https:\/\/droneandcam.com\/de\/","name":"Drone & Cam","description":"Shoot. Fly. Repeat.","publisher":{"@id":"https:\/\/droneandcam.com\/de\/#organization"},"potentialAction":[{"@type":"SearchAction","target":{"@type":"EntryPoint","urlTemplate":"https:\/\/droneandcam.com\/de\/?s={search_term_string}"},"query-input":{"@type":"PropertyValueSpecification","valueRequired":true,"valueName":"search_term_string"}}],"inLanguage":"de"},{"@type":"Organization","@id":"https:\/\/droneandcam.com\/de\/#organization","name":"Drone & Cam","url":"https:\/\/droneandcam.com\/de\/","logo":{"@type":"ImageObject","inLanguage":"de","@id":"https:\/\/droneandcam.com\/de\/#\/schema\/logo\/image\/","url":"https:\/\/droneandcam.com\/wp-content\/uploads\/2026\/02\/cropped-ChatGPT_Image_7_aout_2025_a_12_02_31-removebg-preview-150x150-2.avif","contentUrl":"https:\/\/droneandcam.com\/wp-content\/uploads\/2026\/02\/cropped-ChatGPT_Image_7_aout_2025_a_12_02_31-removebg-preview-150x150-2.avif","width":150,"height":150,"caption":"Drone & Cam"},"image":{"@id":"https:\/\/droneandcam.com\/de\/#\/schema\/logo\/image\/"}},{"@type":"Person","@id":"https:\/\/droneandcam.com\/de\/#\/schema\/person\/1d7eeaaec7ae447ff752ef6419070cf8","name":"Guillaume H","image":{"@type":"ImageObject","inLanguage":"de","@id":"https:\/\/droneandcam.com\/wp-content\/litespeed\/avatar\/aca862fd3874227a72051e8c181b94f9.jpg?ver=1777031529","url":"https:\/\/droneandcam.com\/wp-content\/litespeed\/avatar\/aca862fd3874227a72051e8c181b94f9.jpg?ver=1777031529","contentUrl":"https:\/\/droneandcam.com\/wp-content\/litespeed\/avatar\/aca862fd3874227a72051e8c181b94f9.jpg?ver=1777031529","caption":"Guillaume H"},"description":"Entrepreneur du web et cr\u00e9ateur de contenu passionn\u00e9 par le voyage, la photo et la vid\u00e9o. Partage conseils, tests et bons plans pour aider \u00e0 vivre pleinement ses passions.","sameAs":["http:\/\/droneandcam.com"],"url":"https:\/\/droneandcam.com\/de\/post\/author\/guillaumehelion10gmail-com\/"}]}},"_links":{"self":[{"href":"https:\/\/droneandcam.com\/de\/wp-json\/wp\/v2\/posts\/31479","targetHints":{"allow":["GET"]}}],"collection":[{"href":"https:\/\/droneandcam.com\/de\/wp-json\/wp\/v2\/posts"}],"about":[{"href":"https:\/\/droneandcam.com\/de\/wp-json\/wp\/v2\/types\/post"}],"author":[{"embeddable":true,"href":"https:\/\/droneandcam.com\/de\/wp-json\/wp\/v2\/users\/1"}],"replies":[{"embeddable":true,"href":"https:\/\/droneandcam.com\/de\/wp-json\/wp\/v2\/comments?post=31479"}],"version-history":[{"count":2,"href":"https:\/\/droneandcam.com\/de\/wp-json\/wp\/v2\/posts\/31479\/revisions"}],"predecessor-version":[{"id":31542,"href":"https:\/\/droneandcam.com\/de\/wp-json\/wp\/v2\/posts\/31479\/revisions\/31542"}],"wp:featuredmedia":[{"embeddable":true,"href":"https:\/\/droneandcam.com\/de\/wp-json\/wp\/v2\/media\/31450"}],"wp:attachment":[{"href":"https:\/\/droneandcam.com\/de\/wp-json\/wp\/v2\/media?parent=31479"}],"wp:term":[{"taxonomy":"category","embeddable":true,"href":"https:\/\/droneandcam.com\/de\/wp-json\/wp\/v2\/categories?post=31479"},{"taxonomy":"post_tag","embeddable":true,"href":"https:\/\/droneandcam.com\/de\/wp-json\/wp\/v2\/tags?post=31479"}],"curies":[{"name":"wp","href":"https:\/\/api.w.org\/{rel}","templated":true}]}}